{"id":954,"date":"2019-05-09T17:59:56","date_gmt":"2019-05-09T17:59:56","guid":{"rendered":"http:\/\/icec.umag.cl\/?p=954"},"modified":"2019-05-09T18:01:54","modified_gmt":"2019-05-09T18:01:54","slug":"comienzan-talleres-de-la-conferencia-internacional-educacion-en-cambio-climatico","status":"publish","type":"post","link":"https:\/\/icec.umag.cl\/?p=954","title":{"rendered":"Comienzan talleres de la Conferencia Internacional \u00abEducaci\u00f3n en Cambio Clim\u00e1tico\u00bb"},"content":{"rendered":"<p>El d\u00eda de ayer comenz\u00f3 el trabajo con grupo de docentes, acad\u00e9micos, coordinadores y representantes de varias organizaciones y programas, entre ellos los programas ICEC llevados a cabo a lo largo de Chile. Como ICEC-Umag, nuestro coordinador acad\u00e9mico Alan Maldonado fue el encargado de asistir al evento, el cual comenz\u00f3 el 6 de Mayo.<\/p>\n<p>Sobre la conferencia, la p\u00e1gina de ECBI Chile escribe:<\/p>\n<p><em>\u00abEste 6 y 7 de mayo se realiza la\u00a0Conferencia Internacional \u201cEducaci\u00f3n en Cambio Clim\u00e1tico\u201d, hac\u00eda la formaci\u00f3n de una ciudadan\u00eda activa que busca\u00a0convocar a nivel sudamericano a representantes de la academia, docentes, tomadores de decisi\u00f3n, agentes de pol\u00edtica p\u00fablica y del sector privado, a reflexionar en la necesidad de realizar un esfuerzo colectivo en favor de la educaci\u00f3n primaria y secundaria, con el fin de generar redes y fortalecer un trabajo formativo para una ciudadan\u00eda activa en el cuidado y protecci\u00f3n del medio ambiente.\u00bb<\/em><\/p>\n<p>Fuente: <a href=\"http:\/\/www.ecbichile.cl\/home\/conferencia-internacional-educacion-en-cambio-climatico-hacia-la-formacion-de-una-ciudadania-activa\/\">ECBI Chile<\/a><\/p>\n<p>&nbsp;<\/p>\n<p><img loading=\"lazy\" class=\"wp-image-960 alignnone\" src=\"http:\/\/icec.umag.cl\/wp-content\/uploads\/2019\/05\/59951577_1242620202585750_4782257105534976000_n.jpg\" alt=\"\" width=\"667\" height=\"500\" srcset=\"https:\/\/icec.umag.cl\/wp-content\/uploads\/2019\/05\/59951577_1242620202585750_4782257105534976000_n.jpg 960w, https:\/\/icec.umag.cl\/wp-content\/uploads\/2019\/05\/59951577_1242620202585750_4782257105534976000_n-300x225.jpg 300w, https:\/\/icec.umag.cl\/wp-content\/uploads\/2019\/05\/59951577_1242620202585750_4782257105534976000_n-768x576.jpg 768w\" sizes=\"(max-width: 667px) 100vw, 667px\" \/><img loading=\"lazy\" class=\"alignleft wp-image-959\" src=\"http:\/\/icec.umag.cl\/wp-content\/uploads\/2019\/05\/59841122_1242620502585720_435595050584375296_n.jpg\" alt=\"\" width=\"667\" height=\"500\" srcset=\"https:\/\/icec.umag.cl\/wp-content\/uploads\/2019\/05\/59841122_1242620502585720_435595050584375296_n.jpg 960w, https:\/\/icec.umag.cl\/wp-content\/uploads\/2019\/05\/59841122_1242620502585720_435595050584375296_n-300x225.jpg 300w, https:\/\/icec.umag.cl\/wp-content\/uploads\/2019\/05\/59841122_1242620502585720_435595050584375296_n-768x576.jpg 768w\" sizes=\"(max-width: 667px) 100vw, 667px\" \/><\/p>\n<p><img loading=\"lazy\" class=\"alignleft wp-image-958\" src=\"http:\/\/icec.umag.cl\/wp-content\/uploads\/2019\/05\/59830931_1242619992585771_2331130423737843712_n.jpg\" alt=\"\" width=\"667\" height=\"500\" srcset=\"https:\/\/icec.umag.cl\/wp-content\/uploads\/2019\/05\/59830931_1242619992585771_2331130423737843712_n.jpg 960w, https:\/\/icec.umag.cl\/wp-content\/uploads\/2019\/05\/59830931_1242619992585771_2331130423737843712_n-300x225.jpg 300w, https:\/\/icec.umag.cl\/wp-content\/uploads\/2019\/05\/59830931_1242619992585771_2331130423737843712_n-768x576.jpg 768w\" sizes=\"(max-width: 667px) 100vw, 667px\" \/><\/p>\n<p><img loading=\"lazy\" class=\"alignleft wp-image-956\" src=\"http:\/\/icec.umag.cl\/wp-content\/uploads\/2019\/05\/59738833_1242620359252401_3686994463135105024_n.jpg\" alt=\"\" width=\"667\" height=\"500\" srcset=\"https:\/\/icec.umag.cl\/wp-content\/uploads\/2019\/05\/59738833_1242620359252401_3686994463135105024_n.jpg 960w, https:\/\/icec.umag.cl\/wp-content\/uploads\/2019\/05\/59738833_1242620359252401_3686994463135105024_n-300x225.jpg 300w, https:\/\/icec.umag.cl\/wp-content\/uploads\/2019\/05\/59738833_1242620359252401_3686994463135105024_n-768x576.jpg 768w\" sizes=\"(max-width: 667px) 100vw, 667px\" \/><\/p>\n","protected":false},"excerpt":{"rendered":"<p>El d\u00eda de ayer comenz\u00f3 el trabajo con grupo de docentes, acad\u00e9micos, coordinadores y representantes de varias organizaciones y programas, entre ellos los programas ICEC llevados a cabo a lo largo de Chile. Como ICEC-Umag, nuestro coordinador acad\u00e9mico Alan Maldonado fue el encargado de asistir al evento, el cual comenz\u00f3 el 6 de Mayo. Sobre&hellip; <br \/> <a class=\"read-more\" href=\"https:\/\/icec.umag.cl\/?p=954\">Leer m\u00e1s<\/a><\/p>\n","protected":false},"author":1,"featured_media":960,"comment_status":"open","ping_status":"open","sticky":false,"template":"","format":"standard","meta":[],"categories":[1],"tags":[],"_links":{"self":[{"href":"https:\/\/icec.umag.cl\/index.php?rest_route=\/wp\/v2\/posts\/954"}],"collection":[{"href":"https:\/\/icec.umag.cl\/index.php?rest_route=\/wp\/v2\/posts"}],"about":[{"href":"https:\/\/icec.umag.cl\/index.php?rest_route=\/wp\/v2\/types\/post"}],"author":[{"embeddable":true,"href":"https:\/\/icec.umag.cl\/index.php?rest_route=\/wp\/v2\/users\/1"}],"replies":[{"embeddable":true,"href":"https:\/\/icec.umag.cl\/index.php?rest_route=%2Fwp%2Fv2%2Fcomments&post=954"}],"version-history":[{"count":5,"href":"https:\/\/icec.umag.cl\/index.php?rest_route=\/wp\/v2\/posts\/954\/revisions"}],"predecessor-version":[{"id":966,"href":"https:\/\/icec.umag.cl\/index.php?rest_route=\/wp\/v2\/posts\/954\/revisions\/966"}],"wp:featuredmedia":[{"embeddable":true,"href":"https:\/\/icec.umag.cl\/index.php?rest_route=\/wp\/v2\/media\/960"}],"wp:attachment":[{"href":"https:\/\/icec.umag.cl\/index.php?rest_route=%2Fwp%2Fv2%2Fmedia&parent=954"}],"wp:term":[{"taxonomy":"category","embeddable":true,"href":"https:\/\/icec.umag.cl\/index.php?rest_route=%2Fwp%2Fv2%2Fcategories&post=954"},{"taxonomy":"post_tag","embeddable":true,"href":"https:\/\/icec.umag.cl\/index.php?rest_route=%2Fwp%2Fv2%2Ftags&post=954"}],"curies":[{"name":"wp","href":"https:\/\/api.w.org\/{rel}","templated":true}]}}