{"id":946,"date":"2019-04-16T19:03:06","date_gmt":"2019-04-16T19:03:06","guid":{"rendered":"http:\/\/icec.umag.cl\/?p=946"},"modified":"2019-04-16T19:03:06","modified_gmt":"2019-04-16T19:03:06","slug":"programa-icec-umag-certifico-a-profesores-que-se-capacitaron-en-indagacion-cientifica","status":"publish","type":"post","link":"https:\/\/icec.umag.cl\/?p=946","title":{"rendered":"Programa ICEC UMAG certific\u00f3 a profesores que se capacitaron en Indagaci\u00f3n Cient\u00edfica"},"content":{"rendered":"<p><img loading=\"lazy\" class=\"aligncenter wp-image-947 size-large\" src=\"http:\/\/icec.umag.cl\/wp-content\/uploads\/2019\/04\/Profesores-certificados-por-programa-ICEC-1024x683.jpg\" alt=\"\" width=\"1024\" height=\"683\" srcset=\"https:\/\/icec.umag.cl\/wp-content\/uploads\/2019\/04\/Profesores-certificados-por-programa-ICEC-1024x683.jpg 1024w, https:\/\/icec.umag.cl\/wp-content\/uploads\/2019\/04\/Profesores-certificados-por-programa-ICEC-300x200.jpg 300w, https:\/\/icec.umag.cl\/wp-content\/uploads\/2019\/04\/Profesores-certificados-por-programa-ICEC-768x512.jpg 768w\" sizes=\"(max-width: 1024px) 100vw, 1024px\" \/><\/p>\n<p style=\"text-align: left;\">En una ceremonia realizada en el Sal\u00f3n Gabriela Mistral de la Secretar\u00eda Regional Ministerial de Educaci\u00f3n (Secreduc) el programa ICEC UMAG entreg\u00f3 los diplomas de certificaci\u00f3n a los profesores que se capacitaron en Indagaci\u00f3n Cient\u00edfica. El evento cont\u00f3 con la presencia de representantes de la Secretar\u00eda de Educaci\u00f3n, la Corporaci\u00f3n Municipal de Punta Arenas, la Facultad de Educaci\u00f3n y Cs. Sociales y el Departamento de Educaci\u00f3n de la Universidad de Magallanes (UMAG).<\/p>\n<p style=\"text-align: left;\">Fueron doce los profesores, que trabajan en establecimientos dependientes de la Corporaci\u00f3n Municipal de Punta Arenas (Cormupa),\u00a0 los que durante un a\u00f1o completaron un total de 400 horas de aprendizaje. Las actividades, gestionadas por un equipo de profesionales de la UMAG y que comenzaron a realizarse en abril de 2018, incluy\u00f3 salidas a terreno, talleres de cocina molecular, visitas a museos y al laboratorio m\u00f3vil de ECOSCIENCE, asistencia al Congreso Regional de ICEC y y al Congreso Latinoamericano de Educaci\u00f3n en Ciencias (realizado en Santiago). Adem\u00e1s, recibieron visitas de acad\u00e9micos de otras universidades del pa\u00eds.<\/p>\n<p><img loading=\"lazy\" class=\"aligncenter wp-image-948 size-large\" src=\"http:\/\/icec.umag.cl\/wp-content\/uploads\/2019\/04\/Ceremonia-en-sal\u00f2n-Gabriela-Mistral-Secreduc-1024x683.jpg\" alt=\"\" width=\"1024\" height=\"683\" srcset=\"https:\/\/icec.umag.cl\/wp-content\/uploads\/2019\/04\/Ceremonia-en-sal\u00f2n-Gabriela-Mistral-Secreduc-1024x683.jpg 1024w, https:\/\/icec.umag.cl\/wp-content\/uploads\/2019\/04\/Ceremonia-en-sal\u00f2n-Gabriela-Mistral-Secreduc-300x200.jpg 300w, https:\/\/icec.umag.cl\/wp-content\/uploads\/2019\/04\/Ceremonia-en-sal\u00f2n-Gabriela-Mistral-Secreduc-768x512.jpg 768w\" sizes=\"(max-width: 1024px) 100vw, 1024px\" \/><\/p>\n<p style=\"text-align: left;\">Mauricio \u00c1lvarez, uno de los profesores certificados, expres\u00f3 su satisfacci\u00f3n por haber sido parte de esta experiencia. \u201cEste es un paso m\u00e1s que estamos dando para poder seguir mejorando nuestras pr\u00e1cticas de ense\u00f1anza en Ciencias, de la F\u00edsica en mi caso. Ojal\u00e1 que todos mis colegas sigan progresando y haya m\u00e1s gente que se integre a ICEC\u201d, declar\u00f3. Por su parte, la profesora Rosana Alvarado destac\u00f3 el valor de ICEC para lograr transformaciones positivas al interior de los establecimientos. \u201cYo trabajo como apoyo en la UTP del Liceo Polit\u00e9cnico \u201cRa\u00fal Silva Henr\u00edquez\u201d y mi idea era conocer como se trabaja sobre el tema cient\u00edfico hoy en d\u00eda, para ver si podemos lograr un cambio en el colegio junto a los profesores de Ciencia, en la l\u00ednea de lo que es un liceo T\u00e9cnico Profesional. M\u00e1s que ense\u00f1ar f\u00edsica y biolog\u00eda en forma parcelada, reflexionar como aporta todo eso al bienestar de las persona y como ayuda eso a mejorar el mundo\u201d, destac\u00f3.<\/p>\n<p style=\"text-align: left;\">El jefe del Departamento de Educaci\u00f3n de la Secreduc, Aliro Quezada, manifest\u00f3 su satisfacci\u00f3n por el trabajo desarrollado por ICEC. \u201cLa esencia de lo que signific\u00f3 esta ceremonia de certificaci\u00f3n es que entre la UMAG y el MINEDUC podemos seguir fortaleciendo los procesos educativos al interior de los establecimientos, hacerlos m\u00e1s pertinentes y de acuerdo a las demandas que tienen hoy nuestros estudiantes y la Humanidad en general. Y esto se concreta en el aprender haciendo, indagando e investigando\u201d, destac\u00f3. Por su parte, el coordinador de Educaci\u00f3n Extraescolar de la Cormupa, Enrique Esparza, destac\u00f3 el beneficio que ICEC trae el sistema escolar municipal. \u201cPara nosotros es muy importante trabajar en torno a la ciencia, que es una inquietud enorme de los estudiantes, que est\u00e1n siempre deseosos de ir m\u00e1s all\u00e1 de la investigaci\u00f3n y de los actuales horizontes de aprendizaje, por lo tanto una mayor capacitaci\u00f3n de los profesores y profesoras es muy bueno para el desarrollo de nuestros ni\u00f1os\u201d, expres\u00f3.<\/p>\n<p style=\"text-align: left;\">Manuel Manr\u00edquez, vicerrector de Vinculaci\u00f3n con el Medio de la UMAG, destac\u00f3 lo que significa ICEC y el trabajo del equipo de profesionales de la casa de estudios que ha implementado este programa del MINEDUC en Magallanes. \u201cEs muy importante esta relaci\u00f3n que hace nuestra universidad con el sistema educativo regional. As\u00ed la Universidad de Magallanes pone al servicio de toda la comunidad su conocimiento e infraestructura y eso hace que nos abramos m\u00e1s al medio\u201d, destac\u00f3.<\/p>\n<p style=\"text-align: left;\">El coordinador institucional del programa ICEC UMAG, Leonardo Vel\u00e1squez hizo un positivo balance de la ceremonia y del proceso que con ella culmin\u00f3. \u201cHoy certificamos que doce profesores han adquirido los conocimientos necesarios para aplicar la Indagaci\u00f3n Cient\u00edfica en la sala de clases. El balance ha sido muy positivo, porque durante estos 18 meses de trabajo se ha desarrollado un trabajo prolijo en todas sus l\u00edneas. Ha sido un trabajo articulado entre el Departamento de Educaci\u00f3n, el equipo de ICEC, el MINEDUC y la universidades. Ha sido un proceso en general muy satisfactorio\u201d, declar\u00f3.<\/p>\n<p style=\"text-align: left;\">El Programa Nacional de Indagaci\u00f3n Cient\u00edfica para la Educaci\u00f3n en Ciencias (ICEC) es una iniciativa de innovaci\u00f3n pedag\u00f3gica orientada a la mejora de la calidad de la educaci\u00f3n en Ciencias, que surge en el marco de la Agenda de Fortalecimiento de la Educaci\u00f3n P\u00fablica del MINEDUC. Su objetivo es mejorar la calidad de la ense\u00f1anza y el aprendizaje de las Ciencias Naturales en escuelas urbanas y rurales y en liceos p\u00fablicos, utilizando la Indagaci\u00f3n Cient\u00edfica como enfoque de ense\u00f1anza.<\/p>\n","protected":false},"excerpt":{"rendered":"<p>En una ceremonia realizada en el Sal\u00f3n Gabriela Mistral de la Secretar\u00eda Regional Ministerial de Educaci\u00f3n (Secreduc) el programa ICEC UMAG entreg\u00f3 los diplomas de certificaci\u00f3n a los profesores que se capacitaron en Indagaci\u00f3n Cient\u00edfica. El evento cont\u00f3 con la presencia de representantes de la Secretar\u00eda de Educaci\u00f3n, la Corporaci\u00f3n Municipal de Punta Arenas, la&hellip; <br \/> <a class=\"read-more\" href=\"https:\/\/icec.umag.cl\/?p=946\">Leer m\u00e1s<\/a><\/p>\n","protected":false},"author":1,"featured_media":947,"comment_status":"open","ping_status":"open","sticky":false,"template":"","format":"standard","meta":[],"categories":[1],"tags":[],"_links":{"self":[{"href":"https:\/\/icec.umag.cl\/index.php?rest_route=\/wp\/v2\/posts\/946"}],"collection":[{"href":"https:\/\/icec.umag.cl\/index.php?rest_route=\/wp\/v2\/posts"}],"about":[{"href":"https:\/\/icec.umag.cl\/index.php?rest_route=\/wp\/v2\/types\/post"}],"author":[{"embeddable":true,"href":"https:\/\/icec.umag.cl\/index.php?rest_route=\/wp\/v2\/users\/1"}],"replies":[{"embeddable":true,"href":"https:\/\/icec.umag.cl\/index.php?rest_route=%2Fwp%2Fv2%2Fcomments&post=946"}],"version-history":[{"count":1,"href":"https:\/\/icec.umag.cl\/index.php?rest_route=\/wp\/v2\/posts\/946\/revisions"}],"predecessor-version":[{"id":949,"href":"https:\/\/icec.umag.cl\/index.php?rest_route=\/wp\/v2\/posts\/946\/revisions\/949"}],"wp:featuredmedia":[{"embeddable":true,"href":"https:\/\/icec.umag.cl\/index.php?rest_route=\/wp\/v2\/media\/947"}],"wp:attachment":[{"href":"https:\/\/icec.umag.cl\/index.php?rest_route=%2Fwp%2Fv2%2Fmedia&parent=946"}],"wp:term":[{"taxonomy":"category","embeddable":true,"href":"https:\/\/icec.umag.cl\/index.php?rest_route=%2Fwp%2Fv2%2Fcategories&post=946"},{"taxonomy":"post_tag","embeddable":true,"href":"https:\/\/icec.umag.cl\/index.php?rest_route=%2Fwp%2Fv2%2Ftags&post=946"}],"curies":[{"name":"wp","href":"https:\/\/api.w.org\/{rel}","templated":true}]}}