{"id":930,"date":"2019-03-28T12:08:58","date_gmt":"2019-03-28T12:08:58","guid":{"rendered":"http:\/\/icec.umag.cl\/?p=930"},"modified":"2019-03-28T13:48:28","modified_gmt":"2019-03-28T13:48:28","slug":"los-ninos-y-el-cosmos-astrokidz-en-zona-franca","status":"publish","type":"post","link":"https:\/\/icec.umag.cl\/?p=930","title":{"rendered":"Los ni\u00f1os y el cosmos: AstroKidz en Zona Franca"},"content":{"rendered":"<p><img loading=\"lazy\" class=\"alignleft size-full wp-image-933\" src=\"http:\/\/icec.umag.cl\/wp-content\/uploads\/2019\/03\/IMG_5238.CR2_.jpg\" alt=\"\" width=\"4573\" height=\"3049\" srcset=\"https:\/\/icec.umag.cl\/wp-content\/uploads\/2019\/03\/IMG_5238.CR2_.jpg 4573w, https:\/\/icec.umag.cl\/wp-content\/uploads\/2019\/03\/IMG_5238.CR2_-300x200.jpg 300w, https:\/\/icec.umag.cl\/wp-content\/uploads\/2019\/03\/IMG_5238.CR2_-768x512.jpg 768w, https:\/\/icec.umag.cl\/wp-content\/uploads\/2019\/03\/IMG_5238.CR2_-1024x683.jpg 1024w\" sizes=\"(max-width: 4573px) 100vw, 4573px\" \/><\/p>\n<p>Entre el viernes 22 y el s\u00e1bado 23 de marzo se instal\u00f3 la muestra <strong>AstroKidz<\/strong> en el Espacio Austral de Zona Franca, un observatorio m\u00f3vil que ha recorrido varios lugares de Chile. La iniciativa, que gan\u00f3 un premio a la innovaci\u00f3n en el \u00e1rea de Turismo de Intereses Especiales del Seratur, es tra\u00edda por el\u00a0<strong>equipo del Observatorio del Tagua Tagua.<\/strong><\/p>\n<p>La muestra cuenta con <strong>un planetario, una muestra de meteoritos y una muestra de cine 3D<\/strong>, donde se explican diversos temas relacionados con la <strong>astronom\u00eda<\/strong>.<\/p>\n<p><img loading=\"lazy\" class=\"alignleft size-full wp-image-932\" src=\"http:\/\/icec.umag.cl\/wp-content\/uploads\/2019\/03\/IMG_5170.CR2_.jpg\" alt=\"\" width=\"5184\" height=\"3456\" srcset=\"https:\/\/icec.umag.cl\/wp-content\/uploads\/2019\/03\/IMG_5170.CR2_.jpg 5184w, https:\/\/icec.umag.cl\/wp-content\/uploads\/2019\/03\/IMG_5170.CR2_-300x200.jpg 300w, https:\/\/icec.umag.cl\/wp-content\/uploads\/2019\/03\/IMG_5170.CR2_-768x512.jpg 768w, https:\/\/icec.umag.cl\/wp-content\/uploads\/2019\/03\/IMG_5170.CR2_-1024x683.jpg 1024w\" sizes=\"(max-width: 5184px) 100vw, 5184px\" \/><\/p>\n<p>El primer d\u00eda la muestra fue abierta a delegaciones de escuelas y colegios, donde fue part\u00edcipe el curso de <strong>la profesora ICEC, Sonia Gallardo Catipill\u00e1n<\/strong>, lo cual <strong>en el marco de la Indagaci\u00f3n Cient\u00edfica<\/strong> permiti\u00f3 principalmente desarrollar las fases de <strong>Focalizaci\u00f3n<\/strong>,\u00a0generando y recogiendo ideas y suposiciones; <strong>Exploraci\u00f3n<\/strong>, logrando que los infantes observaran y experimentaran; y <strong>Reflexi\u00f3n<\/strong>, al hacer que los alumnos logren integrar ciertos conocimientos.<\/p>\n<p>La muestra fue realizada en el contexto del D\u00eda Nacional de la Astronom\u00eda.<\/p>\n<p>Fuente adaptada: <a href=\"https:\/\/laprensaaustral.cl\/espectaculos\/ninos-fueron-protagonistas-en-astrokidz-en-zona-franca\/\">La Prensa Austral<\/a><\/p>\n<p><img loading=\"lazy\" class=\"aligncenter wp-image-934 size-full\" src=\"http:\/\/icec.umag.cl\/wp-content\/uploads\/2019\/03\/IMG_5199.CR2-2.jpg\" alt=\"\" width=\"4891\" height=\"3261\" srcset=\"https:\/\/icec.umag.cl\/wp-content\/uploads\/2019\/03\/IMG_5199.CR2-2.jpg 4891w, https:\/\/icec.umag.cl\/wp-content\/uploads\/2019\/03\/IMG_5199.CR2-2-300x200.jpg 300w, https:\/\/icec.umag.cl\/wp-content\/uploads\/2019\/03\/IMG_5199.CR2-2-768x512.jpg 768w, https:\/\/icec.umag.cl\/wp-content\/uploads\/2019\/03\/IMG_5199.CR2-2-1024x683.jpg 1024w\" sizes=\"(max-width: 4891px) 100vw, 4891px\" \/><\/p>\n","protected":false},"excerpt":{"rendered":"<p>Entre el viernes 22 y el s\u00e1bado 23 de marzo se instal\u00f3 la muestra AstroKidz en el Espacio Austral de Zona Franca, un observatorio m\u00f3vil que ha recorrido varios lugares de Chile. La iniciativa, que gan\u00f3 un premio a la innovaci\u00f3n en el \u00e1rea de Turismo de Intereses Especiales del Seratur, es tra\u00edda por el\u00a0equipo&hellip; <br \/> <a class=\"read-more\" href=\"https:\/\/icec.umag.cl\/?p=930\">Leer m\u00e1s<\/a><\/p>\n","protected":false},"author":1,"featured_media":931,"comment_status":"open","ping_status":"open","sticky":false,"template":"","format":"standard","meta":[],"categories":[1],"tags":[],"_links":{"self":[{"href":"https:\/\/icec.umag.cl\/index.php?rest_route=\/wp\/v2\/posts\/930"}],"collection":[{"href":"https:\/\/icec.umag.cl\/index.php?rest_route=\/wp\/v2\/posts"}],"about":[{"href":"https:\/\/icec.umag.cl\/index.php?rest_route=\/wp\/v2\/types\/post"}],"author":[{"embeddable":true,"href":"https:\/\/icec.umag.cl\/index.php?rest_route=\/wp\/v2\/users\/1"}],"replies":[{"embeddable":true,"href":"https:\/\/icec.umag.cl\/index.php?rest_route=%2Fwp%2Fv2%2Fcomments&post=930"}],"version-history":[{"count":4,"href":"https:\/\/icec.umag.cl\/index.php?rest_route=\/wp\/v2\/posts\/930\/revisions"}],"predecessor-version":[{"id":938,"href":"https:\/\/icec.umag.cl\/index.php?rest_route=\/wp\/v2\/posts\/930\/revisions\/938"}],"wp:featuredmedia":[{"embeddable":true,"href":"https:\/\/icec.umag.cl\/index.php?rest_route=\/wp\/v2\/media\/931"}],"wp:attachment":[{"href":"https:\/\/icec.umag.cl\/index.php?rest_route=%2Fwp%2Fv2%2Fmedia&parent=930"}],"wp:term":[{"taxonomy":"category","embeddable":true,"href":"https:\/\/icec.umag.cl\/index.php?rest_route=%2Fwp%2Fv2%2Fcategories&post=930"},{"taxonomy":"post_tag","embeddable":true,"href":"https:\/\/icec.umag.cl\/index.php?rest_route=%2Fwp%2Fv2%2Ftags&post=930"}],"curies":[{"name":"wp","href":"https:\/\/api.w.org\/{rel}","templated":true}]}}