{"id":872,"date":"2018-12-14T19:37:41","date_gmt":"2018-12-14T19:37:41","guid":{"rendered":"http:\/\/icec.umag.cl\/?p=872"},"modified":"2018-12-28T19:38:02","modified_gmt":"2018-12-28T19:38:02","slug":"comunidades-de-aprendizaje-hicieron-balance-2018","status":"publish","type":"post","link":"https:\/\/icec.umag.cl\/?p=872","title":{"rendered":"Comunidades de aprendizaje hicieron balance 2018"},"content":{"rendered":"<p><img loading=\"lazy\" class=\"aligncenter size-large wp-image-752\" src=\"http:\/\/icec.umag.cl\/wp-content\/uploads\/2018\/10\/44375405_474902666327281_3156703630011138048_o-1024x683.jpg\" alt=\"\" width=\"1024\" height=\"683\" srcset=\"https:\/\/icec.umag.cl\/wp-content\/uploads\/2018\/10\/44375405_474902666327281_3156703630011138048_o-1024x683.jpg 1024w, https:\/\/icec.umag.cl\/wp-content\/uploads\/2018\/10\/44375405_474902666327281_3156703630011138048_o-300x200.jpg 300w, https:\/\/icec.umag.cl\/wp-content\/uploads\/2018\/10\/44375405_474902666327281_3156703630011138048_o-768x512.jpg 768w, https:\/\/icec.umag.cl\/wp-content\/uploads\/2018\/10\/44375405_474902666327281_3156703630011138048_o.jpg 1920w\" sizes=\"(max-width: 1024px) 100vw, 1024px\" \/><\/p>\n<p>Docentes de la comunidad de aprendizaje junto a los coordinadores del programa ICEC &#8211; UMAG, sostuvieron, recientemente, un encuentro de evaluaci\u00f3n de la pertinencia y continuidad de este intercambio de experiencias pedag\u00f3gicas y de trabajo colaborativo, que vivieron durante 2018.<\/p>\n<p>El objetivo de las comunidades de aprendizaje es\u00a0lograr que cada docente participante, intervenga en la comunidad de aprendizaje comunal, y que lidere, promueva y articule el trabajo entre pares, en su propia instituci\u00f3n escolar, formalizando un proceso de mejoramiento continuo de la ense\u00f1anza de las ciencias a trav\u00e9s de un modelo que promueva la colaboraci\u00f3n entre pares y la reflexi\u00f3n permanente sobre la pr\u00e1ctica pedag\u00f3gica, con el fin de producir impactos en los aprendizajes en ciencias, en el contexto local. Una de las conclusiones indiscutidas del a\u00f1o, fue que las comunidades extendieron su impacto en la ense\u00f1anza, abarcando no s\u00f3lo a todos los niveles educativos, sino tambi\u00e9n a variadas asignaturas que, sin ser necesariamente de ciencias, comparten la necesidad de desarrollar un esp\u00edritu indagador entre docentes y estudiantes, por el bien del aprendizaje.<\/p>\n<p>Los coordinadores agradecieron y felicitaron la participaci\u00f3n entusiasta de los docentes, a lo largo de todo el a\u00f1o y en horarios extraordinarios a los laborales, demostrando con ello un compromiso f\u00e9rreo con el mejoramiento de la educaci\u00f3n p\u00fablica. Asimismo, los participantes valoraron todo el aporte que signific\u00f3 el programa en su desarrollo profesional y su entusiasmo cotidiano en el aula y fuera de ella. Un buen ejemplo de lo anterior son un par de Educadoras de P\u00e1rvulos de dos establecimientos diferentes, que decidieron mantener el trabajo en red entre s\u00ed, con base en la indagaci\u00f3n, y con intenciones de sumar a m\u00e1s profesores y profesoras a esta comunidad que, m\u00e1s all\u00e1 de los l\u00edmites de un establecimiento, entiende que la disciplina unida puede lograr mucho mayor impacto en la educaci\u00f3n de los m\u00e1s peque\u00f1os.<\/p>\n<p>Por \u00faltimo, los coordinadores comprometieron todo su apoyo a esta iniciativa, e informaron que el pr\u00f3ximo a\u00f1o, las comunidades de aprendizaje recorrer\u00e1n todos los establecimientos de los cuales provengan los docentes participantes, como una manera de ir mostrando la importancia del trabajo que est\u00e1n desarrollando ante sus pares y superiores, y de motivar a otros profesionales a sumarse a la experiencia.<\/p>\n<section class=\"elementor-element elementor-element-ef7e063 elementor-section-boxed elementor-section-height-default elementor-section-height-default elementor-section elementor-top-section\" data-id=\"ef7e063\" data-element_type=\"section\">\n<div class=\"elementor-container elementor-column-gap-default\">\n<div class=\"elementor-row\">\n<div class=\"elementor-element elementor-element-bb50b53 elementor-column elementor-col-50 elementor-top-column\" data-id=\"bb50b53\" data-element_type=\"column\">\n<div class=\"elementor-column-wrap elementor-element-populated\">\n<div class=\"elementor-widget-wrap\">\n<div class=\"elementor-element elementor-element-f3d07b7 elementor-widget elementor-widget-text-editor\" data-id=\"f3d07b7\" data-element_type=\"text-editor.default\">\n<div class=\"elementor-widget-container\">\n<div class=\"elementor-text-editor elementor-clearfix\">\n<p>&nbsp;<\/p>\n<\/div>\n<\/div>\n<\/div>\n<\/div>\n<\/div>\n<\/div>\n<\/div>\n<\/div>\n<\/section>\n","protected":false},"excerpt":{"rendered":"<p>Docentes de la comunidad de aprendizaje junto a los coordinadores del programa ICEC &#8211; UMAG, sostuvieron, recientemente, un encuentro de evaluaci\u00f3n de la pertinencia y continuidad de este intercambio de experiencias pedag\u00f3gicas y de trabajo colaborativo, que vivieron durante 2018. El objetivo de las comunidades de aprendizaje es\u00a0lograr que cada docente participante, intervenga en la&hellip; <br \/> <a class=\"read-more\" href=\"https:\/\/icec.umag.cl\/?p=872\">Leer m\u00e1s<\/a><\/p>\n","protected":false},"author":1,"featured_media":752,"comment_status":"open","ping_status":"open","sticky":false,"template":"","format":"standard","meta":[],"categories":[1],"tags":[],"_links":{"self":[{"href":"https:\/\/icec.umag.cl\/index.php?rest_route=\/wp\/v2\/posts\/872"}],"collection":[{"href":"https:\/\/icec.umag.cl\/index.php?rest_route=\/wp\/v2\/posts"}],"about":[{"href":"https:\/\/icec.umag.cl\/index.php?rest_route=\/wp\/v2\/types\/post"}],"author":[{"embeddable":true,"href":"https:\/\/icec.umag.cl\/index.php?rest_route=\/wp\/v2\/users\/1"}],"replies":[{"embeddable":true,"href":"https:\/\/icec.umag.cl\/index.php?rest_route=%2Fwp%2Fv2%2Fcomments&post=872"}],"version-history":[{"count":2,"href":"https:\/\/icec.umag.cl\/index.php?rest_route=\/wp\/v2\/posts\/872\/revisions"}],"predecessor-version":[{"id":875,"href":"https:\/\/icec.umag.cl\/index.php?rest_route=\/wp\/v2\/posts\/872\/revisions\/875"}],"wp:featuredmedia":[{"embeddable":true,"href":"https:\/\/icec.umag.cl\/index.php?rest_route=\/wp\/v2\/media\/752"}],"wp:attachment":[{"href":"https:\/\/icec.umag.cl\/index.php?rest_route=%2Fwp%2Fv2%2Fmedia&parent=872"}],"wp:term":[{"taxonomy":"category","embeddable":true,"href":"https:\/\/icec.umag.cl\/index.php?rest_route=%2Fwp%2Fv2%2Fcategories&post=872"},{"taxonomy":"post_tag","embeddable":true,"href":"https:\/\/icec.umag.cl\/index.php?rest_route=%2Fwp%2Fv2%2Ftags&post=872"}],"curies":[{"name":"wp","href":"https:\/\/api.w.org\/{rel}","templated":true}]}}