{"id":856,"date":"2018-12-28T15:44:57","date_gmt":"2018-12-28T15:44:57","guid":{"rendered":"http:\/\/icec.umag.cl\/?p=856"},"modified":"2018-12-28T15:44:57","modified_gmt":"2018-12-28T15:44:57","slug":"profesores-icec-finalizan-trabajo-2018-con-modulo-sobre-investigacion-en-el-aula","status":"publish","type":"post","link":"https:\/\/icec.umag.cl\/?p=856","title":{"rendered":"Profesores ICEC finalizan trabajo 2018 con m\u00f3dulo sobre investigaci\u00f3n en el aula"},"content":{"rendered":"<p><img loading=\"lazy\" class=\"aligncenter wp-image-850 size-large\" src=\"http:\/\/icec.umag.cl\/wp-content\/uploads\/2018\/12\/IMG_0652-1024x683.jpg\" alt=\"\" width=\"1024\" height=\"683\" srcset=\"https:\/\/icec.umag.cl\/wp-content\/uploads\/2018\/12\/IMG_0652-1024x683.jpg 1024w, https:\/\/icec.umag.cl\/wp-content\/uploads\/2018\/12\/IMG_0652-300x200.jpg 300w, https:\/\/icec.umag.cl\/wp-content\/uploads\/2018\/12\/IMG_0652-768x512.jpg 768w\" sizes=\"(max-width: 1024px) 100vw, 1024px\" \/><\/p>\n<p>&nbsp;<\/p>\n<p><strong>-La sesi\u00f3n cont\u00f3 con la visita de la profesora de origen franc\u00e9s Perin Delbury, quien destaca en Chile por su experiencia en la materia.<\/strong><\/p>\n<p style=\"text-align: left;\">El Programa de Indagaci\u00f3n Cient\u00edfica para la Educaci\u00f3n en Ciencias de la Universidad de Magallanes (ICEC UMAG), dio por finalizado este a\u00f1o de trabajo haciendo \u00e9nfasis en la\u00a0 reflexi\u00f3n sobre la investigaci\u00f3n en el aula y su aplicaci\u00f3n en la pr\u00e1ctica pedag\u00f3gica. El \u00faltimo m\u00f3dulo del curso -en el que participan docentes y educadores de la regi\u00f3n- estuvo encabezado por los profesores \u00c1lvaro Gonz\u00e1lez del Departamento de Educaci\u00f3n de la UMAG y, Perin Delbury, docente extranjera invitada por el Programa, dada su experiencia en el tema de \u00a0la indagaci\u00f3n tras a\u00f1os de experiencia en nuestro pa\u00eds.<\/p>\n<p style=\"text-align: left;\">Seg\u00fan inform\u00f3 el acad\u00e9mico de la UMAG, la sesi\u00f3n final abord\u00f3 algunos paradigmas de la investigaci\u00f3n en el aula, para, posteriormente, llevar a cabo un trabajo intenso de dos d\u00edas con ejemplos pr\u00e1cticos y reflexiones acerca del desaf\u00edo que significa introducir esta metodolog\u00eda en la sala de clases. De esta forma, el curso culmin\u00f3 con la construcci\u00f3n de un proyecto educativo por cada participante, \u201ccoherente con sus propias percepciones, creencias, necesidades y motivaciones\u201d, destac\u00f3 Gonz\u00e1lez, subrayando la importancia de poder aplicarlo en el aula el d\u00eda de ma\u00f1ana.<\/p>\n<p style=\"text-align: left;\">Al respecto, conversamos con la profesora Perin Delbury, quien se refiri\u00f3 a este tema y a la necesidad de que el profesorado reflexione constantemente acerca de la pr\u00e1ctica pedag\u00f3gica en el aula.<\/p>\n<p style=\"text-align: left;\"><strong>\u00bfCu\u00e1les son los aspectos claves para poder incorporar la indagaci\u00f3n en el aula, que es un desaf\u00edo para muchos profesores?<\/strong><\/p>\n<p style=\"text-align: left;\">\u201cEs un desaf\u00edo, porque efectivamente, en la cotidianeidad del trabajo tenemos muchas cosas que cumplir, sin embargo, creo que el bicho que pica primero es la reflexi\u00f3n, uno empieza a reflexionar sobre sus pr\u00e1cticas pedag\u00f3gicas, sobre el curriculum que uno ense\u00f1a, sobre las pol\u00edticas educativas que son un poco el marco de nuestra ense\u00f1anza y, esa reflexi\u00f3n, lleva de repente a ver peque\u00f1os problemas que hay en el sistema en general, entonces uno llega a querer incidir de alguna forma. De hecho, con un grupo de colegas, empezamos con esas ganas de hacer nuestros propios experimentos o indagaciones en el aula para ver si podemos contribuir, de cierta forma, a hacer avanzar la reflexi\u00f3n sobre los problemas del sistema educativo\u201d.<\/p>\n<p style=\"text-align: left;\"><strong>\u00bfA qu\u00e9 los llev\u00f3 esa iniciativa?<\/strong><\/p>\n<p style=\"text-align: left;\">\u201cLa idea era organizarnos un poco para que el profesorado tenga su propia voz en esa construcci\u00f3n de conocimiento y plantearse \u00bfc\u00f3mo esa indagaci\u00f3n puede acompa\u00f1ar el trabajo cotidiano? Yo creo que no hay que tener grandes expectativas como que vamos a resolver los problemas, sino que, simplemente, trabajar sobre nuestra cotidianeidad y organizarse con los colegas para poder llevar adelante indagaciones peque\u00f1as sobre la ventaja que tenemos y que es que estamos con los alumnos todos los d\u00edas y podemos observar fen\u00f3menos de larga duraci\u00f3n, por ejemplo, ver los impactos de un m\u00e9todo sobre un a\u00f1o entero, podemos observar la participaci\u00f3n de los alumnos sobre varias semanas\u2026 entonces esa gran ventaja que tenemos de tener presentes a los alumnos todos los d\u00edas, nos permite, realmente, tener una indagaci\u00f3n de largo plazo, una mirada de largo plazo, sobre el impacto positivo negativo, para que sea realizable, obviamente, con el trabajo cotidiano\u201d.<\/p>\n<p style=\"text-align: left;\">\n<p><strong>\u00a0<\/strong><\/p>\n<p>&nbsp;<\/p>\n<p>&nbsp;<\/p>\n<p><strong>\u00a0<\/strong><\/p>\n","protected":false},"excerpt":{"rendered":"<p>&nbsp; -La sesi\u00f3n cont\u00f3 con la visita de la profesora de origen franc\u00e9s Perin Delbury, quien destaca en Chile por su experiencia en la materia. El Programa de Indagaci\u00f3n Cient\u00edfica para la Educaci\u00f3n en Ciencias de la Universidad de Magallanes (ICEC UMAG), dio por finalizado este a\u00f1o de trabajo haciendo \u00e9nfasis en la\u00a0 reflexi\u00f3n sobre&hellip; <br \/> <a class=\"read-more\" href=\"https:\/\/icec.umag.cl\/?p=856\">Leer m\u00e1s<\/a><\/p>\n","protected":false},"author":1,"featured_media":850,"comment_status":"open","ping_status":"open","sticky":false,"template":"","format":"standard","meta":[],"categories":[1],"tags":[],"_links":{"self":[{"href":"https:\/\/icec.umag.cl\/index.php?rest_route=\/wp\/v2\/posts\/856"}],"collection":[{"href":"https:\/\/icec.umag.cl\/index.php?rest_route=\/wp\/v2\/posts"}],"about":[{"href":"https:\/\/icec.umag.cl\/index.php?rest_route=\/wp\/v2\/types\/post"}],"author":[{"embeddable":true,"href":"https:\/\/icec.umag.cl\/index.php?rest_route=\/wp\/v2\/users\/1"}],"replies":[{"embeddable":true,"href":"https:\/\/icec.umag.cl\/index.php?rest_route=%2Fwp%2Fv2%2Fcomments&post=856"}],"version-history":[{"count":1,"href":"https:\/\/icec.umag.cl\/index.php?rest_route=\/wp\/v2\/posts\/856\/revisions"}],"predecessor-version":[{"id":857,"href":"https:\/\/icec.umag.cl\/index.php?rest_route=\/wp\/v2\/posts\/856\/revisions\/857"}],"wp:featuredmedia":[{"embeddable":true,"href":"https:\/\/icec.umag.cl\/index.php?rest_route=\/wp\/v2\/media\/850"}],"wp:attachment":[{"href":"https:\/\/icec.umag.cl\/index.php?rest_route=%2Fwp%2Fv2%2Fmedia&parent=856"}],"wp:term":[{"taxonomy":"category","embeddable":true,"href":"https:\/\/icec.umag.cl\/index.php?rest_route=%2Fwp%2Fv2%2Fcategories&post=856"},{"taxonomy":"post_tag","embeddable":true,"href":"https:\/\/icec.umag.cl\/index.php?rest_route=%2Fwp%2Fv2%2Ftags&post=856"}],"curies":[{"name":"wp","href":"https:\/\/api.w.org\/{rel}","templated":true}]}}