{"id":854,"date":"2018-12-01T16:07:15","date_gmt":"2018-12-01T16:07:15","guid":{"rendered":"http:\/\/icec.umag.cl\/?p=854"},"modified":"2018-12-28T23:13:12","modified_gmt":"2018-12-28T23:13:12","slug":"congreso-regional-icec-umag-compartio-experiencias-de-mejoramiento-de-la-ensenanza-en-las-escuelas-publicas","status":"publish","type":"post","link":"https:\/\/icec.umag.cl\/?p=854","title":{"rendered":"Congreso Regional ICEC \u2013 UMAG comparti\u00f3 experiencias de mejoramiento de la ense\u00f1anza en las escuelas p\u00fablicas"},"content":{"rendered":"<p><img loading=\"lazy\" class=\"alignleft size-full wp-image-835\" src=\"http:\/\/icec.umag.cl\/wp-content\/uploads\/2018\/11\/IMG_9873.jpg\" alt=\"\" width=\"2736\" height=\"1824\" srcset=\"https:\/\/icec.umag.cl\/wp-content\/uploads\/2018\/11\/IMG_9873.jpg 2736w, https:\/\/icec.umag.cl\/wp-content\/uploads\/2018\/11\/IMG_9873-300x200.jpg 300w, https:\/\/icec.umag.cl\/wp-content\/uploads\/2018\/11\/IMG_9873-768x512.jpg 768w, https:\/\/icec.umag.cl\/wp-content\/uploads\/2018\/11\/IMG_9873-1024x683.jpg 1024w\" sizes=\"(max-width: 2736px) 100vw, 2736px\" \/><\/p>\n<p>&nbsp;<\/p>\n<p>&nbsp;<\/p>\n<p>&nbsp;<\/p>\n<p>&nbsp;<\/p>\n<div id=\"attachment_860\" style=\"width: 453px\" class=\"wp-caption alignleft\"><img aria-describedby=\"caption-attachment-860\" loading=\"lazy\" class=\"wp-image-860\" src=\"http:\/\/icec.umag.cl\/wp-content\/uploads\/2018\/11\/20181122084852_IMG_9680-640x640.jpg\" alt=\"\" width=\"443\" height=\"443\" srcset=\"https:\/\/icec.umag.cl\/wp-content\/uploads\/2018\/11\/20181122084852_IMG_9680-640x640.jpg 640w, https:\/\/icec.umag.cl\/wp-content\/uploads\/2018\/11\/20181122084852_IMG_9680-150x150.jpg 150w, https:\/\/icec.umag.cl\/wp-content\/uploads\/2018\/11\/20181122084852_IMG_9680-250x250.jpg 250w\" sizes=\"(max-width: 443px) 100vw, 443px\" \/><p id=\"caption-attachment-860\" class=\"wp-caption-text\">El Coordinador Institucional de ICEC &#8211; UMAG, Leonardo Vel\u00e1squez, inaugura con un saludo el Congreso Regional.<\/p><\/div>\n<p>Con el objetivo de conocer la experiencia de los participantes de la cohorte 3 del programa de Indagaci\u00f3n Cient\u00edfica para la Ense\u00f1anza de la Ciencia (ICEC) \u2013 desarrollado en la regi\u00f3n por la Universidad de Magallanes (UMAG) \u2013 se realiz\u00f3, recientemente, el <strong>Congreso Regional ICEC<\/strong>. En el aula tecnol\u00f3gica de la Biblioteca de la UMAG, docentes de todas las asignaturas que participaron del curso de formaci\u00f3n y de las comunidades de aprendizaje durante el a\u00f1o 2018, se reunieron para escuchar el relato de las experiencias pr\u00e1cticas pedag\u00f3gicas m\u00e1s destacadas.<\/p>\n<p>Alan Maldonado, Coordinador Acad\u00e9mico de ICEC-UMAG, asegur\u00f3 que \u201clo importante es que podamos socializar, y ver que ellos (los profesores) tienen casi todas las mismas dificultades, pero, a\u00fan as\u00ed, logran salir adelante\u201d. Seg\u00fan el docente, se trata de descubrimientos que surgen en un entorno de conversaci\u00f3n entre quienes mueven el sistema educativo, donde se dan cuenta de que \u201ctodos luchan por un objetivo en com\u00fan que es los estudiantes, y brindarles la entrega de conocimientos de la mejor manera, o la construcci\u00f3n del conocimiento en este caso, a trav\u00e9s de metodolog\u00edas indagatorias\u201d.<\/p>\n<p>Una de las expositoras fue Sonia Gallardo Catipill\u00e1n, Educadora de P\u00e1rvulos de la Escuela Hernando de Magallanes de Punta Arenas. Ella present\u00f3 una ponencia sobre la experiencia con los insectos dulceacu\u00edcolas que estudiaron los ni\u00f1os de k\u00ednder en el humedal Tres Puentes, la cual incluy\u00f3 la creaci\u00f3n de cuentos y de hip\u00f3tesis respecto a varias variables que fueron apareciendo en el proyecto, adem\u00e1s de la participaci\u00f3n de las familias.<\/p>\n<div id=\"attachment_864\" style=\"width: 320px\" class=\"wp-caption alignright\"><img aria-describedby=\"caption-attachment-864\" loading=\"lazy\" class=\" wp-image-864\" src=\"http:\/\/icec.umag.cl\/wp-content\/uploads\/2018\/11\/sonia-640x640.jpg\" alt=\"\" width=\"310\" height=\"310\" srcset=\"https:\/\/icec.umag.cl\/wp-content\/uploads\/2018\/11\/sonia-640x640.jpg 640w, https:\/\/icec.umag.cl\/wp-content\/uploads\/2018\/11\/sonia-150x150.jpg 150w, https:\/\/icec.umag.cl\/wp-content\/uploads\/2018\/11\/sonia-250x250.jpg 250w\" sizes=\"(max-width: 310px) 100vw, 310px\" \/><p id=\"caption-attachment-864\" class=\"wp-caption-text\">Sonia Gallardo Catipill\u00e1n tambi\u00e9n expuso en el Congreso.<\/p><\/div>\n<p>Sonia explica que todo el proceso \u201cdur\u00f3 3, 4 meses, y utilic\u00e9 varios elementos para recolectar datos, como encuestas a los padres, evaluaciones a los ni\u00f1os, para ver si ellos iban entendiendo el tema del cuidado de estos insectos. Tambi\u00e9n hicimos una intervenci\u00f3n donde fuimos a limpiar el humedal, (\u2026) les qued\u00f3 sumamente claro a los ni\u00f1os de que ellos tienen que ser conscientes que hay que cuidar el medio ambiente y, sobre todo, a estos insectos que antes no conoc\u00edan\u201d. En t\u00e9rminos profesionales, considera que conocer el modelo ICEC ha sido una experiencia motivante, porque sirve para todas las asignaturas, y porque \u201cen educaci\u00f3n parvularia, como es tan flexible, podemos aplicarlo, as\u00ed que yo invito a que otras personas igual participen, porque es muy enriquecedor\u201d.<\/p>\n<p><strong>Charlas magistrales<\/strong><\/p>\n<p>El Congreso abri\u00f3 con la exposici\u00f3n del profesor de la Escuela Dario Salas del Valle de Azapa,\u00a0Carlos Rodr\u00edguez, quien viaj\u00f3 a Punta Arenas para \u201ccompartir una propuesta de un modelo escuela ICEC, que es una escuela (\u2026) que toma como fundamento los pilares del programa ICEC, que son desarrollo profesional docente, el trabajo colaborativo y gesti\u00f3n pedag\u00f3gica\u201d, explic\u00f3 el profesional. La apuesta es poder implementar la indagaci\u00f3n de manera transversal a todos los niveles, superando las fronteras de las asignaturas para alcanzar a todo el programa educativo de un establecimiento, \u201cy as\u00ed apuntar a una mejor calidad de educaci\u00f3n en las escuelas p\u00fablicas del pa\u00eds\u201d, coment\u00f3.<\/p>\n<div id=\"attachment_870\" style=\"width: 411px\" class=\"wp-caption alignleft\"><img aria-describedby=\"caption-attachment-870\" loading=\"lazy\" class=\" wp-image-870\" src=\"http:\/\/icec.umag.cl\/wp-content\/uploads\/2018\/11\/IMG_9838-640x640.jpg\" alt=\"\" width=\"401\" height=\"401\" srcset=\"https:\/\/icec.umag.cl\/wp-content\/uploads\/2018\/11\/IMG_9838-640x640.jpg 640w, https:\/\/icec.umag.cl\/wp-content\/uploads\/2018\/11\/IMG_9838-150x150.jpg 150w, https:\/\/icec.umag.cl\/wp-content\/uploads\/2018\/11\/IMG_9838-250x250.jpg 250w\" sizes=\"(max-width: 401px) 100vw, 401px\" \/><p id=\"caption-attachment-870\" class=\"wp-caption-text\">El profesor Rodr\u00edguez viaj\u00f3 desde Arica para promover las escuelas modelo ICEC.<\/p><\/div>\n<p>Rodr\u00edguez fue parte de la primera cohorte de profesores que tom\u00f3 el curso de formaci\u00f3n ICEC en Arica, y hoy recorre distintas partes de Chile a nombre del Coordinador Nacional, sumando a algunas escuelas a la propuesta que ya se aplica en su ciudad. La primera regi\u00f3n en visitar fue Magallanes, donde expuso los beneficios de tener \u201cun proyecto \u00fanico com\u00fan dentro de los establecimientos, que busque desarrollar habilidades cient\u00edficas en los estudiantes, que promueva el trabajo colaborativo, que fomente el trabajo con redes y generar una comunidad empoderada en funci\u00f3n de la indagaci\u00f3n cient\u00edfica\u201d.<\/p>\n<p>La charla de clausura estuvo a cargo del director del Departamento de Ciencias de la UMAG, profesor de Biolog\u00eda y Ciencias Orlando Dollenz. Con la presentaci\u00f3n \u201cEcolog\u00eda del Paisaje\u201d, este Mag\u00edster en Ciencias Biol\u00f3gicas pretend\u00eda \u201cmostrarles todo el abanico a mis colegas profesores, que pueden incursionar desde la flora, la fauna, hasta juntas piedras, y preguntarle a un ge\u00f3logo que est\u00e9 interesado en cualquiera de esos aspectos. Pueden tomar su propia l\u00ednea, elegir una de ellas, porque todo lo que es ecolog\u00eda del paisaje, uno lo puede describir en forma general, pero si uno quiere hacer un estudio serio, cient\u00edfico, son \u00e1reas multidisciplinarias\u201d, explic\u00f3 Dollenz.<\/p>\n<p>El especialista en Bot\u00e1nica reflexion\u00f3 en torno al \u00e1nimo con el cual los profesores participan del programa ICEC. \u201cLo m\u00e1s importante es que ellos est\u00e1n interesados y son muy entusiastas, por lo tanto, la obligaci\u00f3n, dir\u00eda yo, de la Universidad, es entregar todo lo que tiene, especialmente, a los profesores, porque ellos educan a nuestros chicos\u201d, expres\u00f3.<\/p>\n<div id=\"attachment_868\" style=\"width: 1034px\" class=\"wp-caption aligncenter\"><img aria-describedby=\"caption-attachment-868\" loading=\"lazy\" class=\"wp-image-868 size-large\" src=\"http:\/\/icec.umag.cl\/wp-content\/uploads\/2018\/11\/IMG_9846-1024x683.jpg\" alt=\"\" width=\"1024\" height=\"683\" srcset=\"https:\/\/icec.umag.cl\/wp-content\/uploads\/2018\/11\/IMG_9846-1024x683.jpg 1024w, https:\/\/icec.umag.cl\/wp-content\/uploads\/2018\/11\/IMG_9846-300x200.jpg 300w, https:\/\/icec.umag.cl\/wp-content\/uploads\/2018\/11\/IMG_9846-768x512.jpg 768w\" sizes=\"(max-width: 1024px) 100vw, 1024px\" \/><p id=\"caption-attachment-868\" class=\"wp-caption-text\">Orlando Dollenz cerr\u00f3 el Congreso con la charla \u00abEcolog\u00eda del paisaje\u00bb.<\/p><\/div>\n<p>&nbsp;<\/p>\n","protected":false},"excerpt":{"rendered":"<p>&nbsp; &nbsp; &nbsp; &nbsp; Con el objetivo de conocer la experiencia de los participantes de la cohorte 3 del programa de Indagaci\u00f3n Cient\u00edfica para la Ense\u00f1anza de la Ciencia (ICEC) \u2013 desarrollado en la regi\u00f3n por la Universidad de Magallanes (UMAG) \u2013 se realiz\u00f3, recientemente, el Congreso Regional ICEC. En el aula tecnol\u00f3gica de la&hellip; <br \/> <a class=\"read-more\" href=\"https:\/\/icec.umag.cl\/?p=854\">Leer m\u00e1s<\/a><\/p>\n","protected":false},"author":1,"featured_media":835,"comment_status":"open","ping_status":"open","sticky":false,"template":"","format":"standard","meta":[],"categories":[1],"tags":[],"_links":{"self":[{"href":"https:\/\/icec.umag.cl\/index.php?rest_route=\/wp\/v2\/posts\/854"}],"collection":[{"href":"https:\/\/icec.umag.cl\/index.php?rest_route=\/wp\/v2\/posts"}],"about":[{"href":"https:\/\/icec.umag.cl\/index.php?rest_route=\/wp\/v2\/types\/post"}],"author":[{"embeddable":true,"href":"https:\/\/icec.umag.cl\/index.php?rest_route=\/wp\/v2\/users\/1"}],"replies":[{"embeddable":true,"href":"https:\/\/icec.umag.cl\/index.php?rest_route=%2Fwp%2Fv2%2Fcomments&post=854"}],"version-history":[{"count":9,"href":"https:\/\/icec.umag.cl\/index.php?rest_route=\/wp\/v2\/posts\/854\/revisions"}],"predecessor-version":[{"id":871,"href":"https:\/\/icec.umag.cl\/index.php?rest_route=\/wp\/v2\/posts\/854\/revisions\/871"}],"wp:featuredmedia":[{"embeddable":true,"href":"https:\/\/icec.umag.cl\/index.php?rest_route=\/wp\/v2\/media\/835"}],"wp:attachment":[{"href":"https:\/\/icec.umag.cl\/index.php?rest_route=%2Fwp%2Fv2%2Fmedia&parent=854"}],"wp:term":[{"taxonomy":"category","embeddable":true,"href":"https:\/\/icec.umag.cl\/index.php?rest_route=%2Fwp%2Fv2%2Fcategories&post=854"},{"taxonomy":"post_tag","embeddable":true,"href":"https:\/\/icec.umag.cl\/index.php?rest_route=%2Fwp%2Fv2%2Ftags&post=854"}],"curies":[{"name":"wp","href":"https:\/\/api.w.org\/{rel}","templated":true}]}}