{"id":822,"date":"2018-11-22T02:38:43","date_gmt":"2018-11-22T02:38:43","guid":{"rendered":"http:\/\/icec.umag.cl\/?p=822"},"modified":"2018-11-22T02:40:24","modified_gmt":"2018-11-22T02:40:24","slug":"educadoras-icec-implementaron-huerto-escolar-con-parvulos-del-instituto-don-bosco","status":"publish","type":"post","link":"https:\/\/icec.umag.cl\/?p=822","title":{"rendered":"Educadoras ICEC implementaron huerto escolar con p\u00e1rvulos del Instituto Don Bosco"},"content":{"rendered":"<p><img loading=\"lazy\" class=\"alignright wp-image-823 size-amoteam-general\" src=\"http:\/\/icec.umag.cl\/wp-content\/uploads\/2018\/11\/Inauguracion-invernadero-don-bosco-6-ICEC-Sergio-Gonz\u00e1lez-Araya-640x640.jpg\" alt=\"\" width=\"640\" height=\"640\" srcset=\"https:\/\/icec.umag.cl\/wp-content\/uploads\/2018\/11\/Inauguracion-invernadero-don-bosco-6-ICEC-Sergio-Gonz\u00e1lez-Araya-640x640.jpg 640w, https:\/\/icec.umag.cl\/wp-content\/uploads\/2018\/11\/Inauguracion-invernadero-don-bosco-6-ICEC-Sergio-Gonz\u00e1lez-Araya-150x150.jpg 150w, https:\/\/icec.umag.cl\/wp-content\/uploads\/2018\/11\/Inauguracion-invernadero-don-bosco-6-ICEC-Sergio-Gonz\u00e1lez-Araya-250x250.jpg 250w\" sizes=\"(max-width: 640px) 100vw, 640px\" \/><\/p>\n<p>&nbsp;<\/p>\n<p>&nbsp;<\/p>\n<p>&nbsp;<\/p>\n<p>&nbsp;<\/p>\n<p>&nbsp;<\/p>\n<p>&nbsp;<\/p>\n<p style=\"text-align: left;\">La importancia que tiene saber acerca del cultivo de nuestros propios alimentos, ya no es desconocido para los ni\u00f1os y ni\u00f1as de prek\u00ednder y k\u00ednder que participan del club escolar \u201cCiencias Divertidas\u201d del Instituto Don Bosco. Gracias a la iniciativa de sus educadoras Paola Ponce y Flor Paredes, este a\u00f1o, fueron aprendiendo cada etapa del proceso de siembra y cosecha, dando vida a un proyecto que permitir\u00e1 experimentar in situ sus conocimientos.<\/p>\n<p style=\"text-align: left;\">Se trata de un \u201cUn huerto en mi colegio\u201d y, como su nombre lo dice, es una peque\u00f1a huerta dentro de un invernadero, que se implement\u00f3 en las dependencias de la pre b\u00e1sica del establecimiento como un espacio pensado en despertar las habilidades y el asombro de los p\u00e1rvulos, pero, sobre todo, su conciencia medioambiental, ya que la ense\u00f1anza estuvo enfocada en transmitirles los conceptos de sostenibilidad y cuidado de nuestro entorno.<\/p>\n<p style=\"text-align: left;\">\u201cNuestro taller se llama as\u00ed \u201cCiencias Divertidas\u201d porque en el fondo, a trav\u00e9s del juego, mis ni\u00f1os han aprendido m\u00faltiples conocimientos, contenidos. Estamos trabajando el tema del compostaje, por ejemplo, y temas como \u00e9se, nos llevan al cuidado del Medio Ambiente, entonces educar ni\u00f1os con una conciencia ecol\u00f3gica y sustentable en el futuro, tiene que ser ahora, porque es la etapa fundamental de hacerlo\u201d, explic\u00f3 la educadora de p\u00e1rvulos, Paola Ponce.<\/p>\n<div id=\"attachment_824\" style=\"width: 650px\" class=\"wp-caption aligncenter\"><img aria-describedby=\"caption-attachment-824\" loading=\"lazy\" class=\"wp-image-824 size-amoteam-general\" src=\"http:\/\/icec.umag.cl\/wp-content\/uploads\/2018\/11\/Inauguracion-invernadero-don-bosco-2-ICEC-Sergio-Gonz\u00e1lez-Araya-640x640.jpg\" alt=\"\" width=\"640\" height=\"640\" srcset=\"https:\/\/icec.umag.cl\/wp-content\/uploads\/2018\/11\/Inauguracion-invernadero-don-bosco-2-ICEC-Sergio-Gonz\u00e1lez-Araya-640x640.jpg 640w, https:\/\/icec.umag.cl\/wp-content\/uploads\/2018\/11\/Inauguracion-invernadero-don-bosco-2-ICEC-Sergio-Gonz\u00e1lez-Araya-150x150.jpg 150w, https:\/\/icec.umag.cl\/wp-content\/uploads\/2018\/11\/Inauguracion-invernadero-don-bosco-2-ICEC-Sergio-Gonz\u00e1lez-Araya-250x250.jpg 250w\" sizes=\"(max-width: 640px) 100vw, 640px\" \/><p id=\"caption-attachment-824\" class=\"wp-caption-text\">En la ceremonia de inauguraci\u00f3n de \u00abUn huerto en mi colegio\u00bb participaron apoderados, autoridades acad\u00e9micas y representantes de Explora e ICEC UMAG.<\/p><\/div>\n<p style=\"text-align: left;\">Respecto al proyecto, la profesional destac\u00f3 que \u201ccon este trabajo nos hemos dado cuenta que los ni\u00f1os son capaces de aprender muchas cosas y esa, ha sido una experiencia maravillosa\u201d. Por esta raz\u00f3n, valor\u00f3 las herramientas que les ha entregado el programa ICEC, porque, a su juicio, \u201cha sido un apoyo fundamental, sobretodo en la capacitaci\u00f3n, en la ense\u00f1anza de las ciencias a trav\u00e9s del m\u00e9todo indagatorio como base para que los ni\u00f1os aprendan significativamente\u201d.<\/p>\n<p style=\"text-align: left;\">La iniciativa fue financiada por el Programa Explora de Conicyt e involucr\u00f3 la participaci\u00f3n de ni\u00f1os de 4 y 5 a\u00f1os.<\/p>\n<p><img loading=\"lazy\" class=\"aligncenter wp-image-825 size-amoteam-general\" src=\"http:\/\/icec.umag.cl\/wp-content\/uploads\/2018\/11\/Inauguracion-invernadero-don-bosco-3-ICEC-Sergio-Gonz\u00e1lez-Araya-640x640.jpg\" alt=\"\" width=\"640\" height=\"640\" srcset=\"https:\/\/icec.umag.cl\/wp-content\/uploads\/2018\/11\/Inauguracion-invernadero-don-bosco-3-ICEC-Sergio-Gonz\u00e1lez-Araya-640x640.jpg 640w, https:\/\/icec.umag.cl\/wp-content\/uploads\/2018\/11\/Inauguracion-invernadero-don-bosco-3-ICEC-Sergio-Gonz\u00e1lez-Araya-150x150.jpg 150w, https:\/\/icec.umag.cl\/wp-content\/uploads\/2018\/11\/Inauguracion-invernadero-don-bosco-3-ICEC-Sergio-Gonz\u00e1lez-Araya-250x250.jpg 250w\" sizes=\"(max-width: 640px) 100vw, 640px\" \/><\/p>\n<p><img loading=\"lazy\" class=\"aligncenter wp-image-826 size-amoteam-general\" src=\"http:\/\/icec.umag.cl\/wp-content\/uploads\/2018\/11\/Inauguracion-invernadero-don-bosco-4-ICEC-Sergio-Gonz\u00e1lez-Araya-640x640.jpg\" alt=\"\" width=\"640\" height=\"640\" srcset=\"https:\/\/icec.umag.cl\/wp-content\/uploads\/2018\/11\/Inauguracion-invernadero-don-bosco-4-ICEC-Sergio-Gonz\u00e1lez-Araya-640x640.jpg 640w, https:\/\/icec.umag.cl\/wp-content\/uploads\/2018\/11\/Inauguracion-invernadero-don-bosco-4-ICEC-Sergio-Gonz\u00e1lez-Araya-150x150.jpg 150w, https:\/\/icec.umag.cl\/wp-content\/uploads\/2018\/11\/Inauguracion-invernadero-don-bosco-4-ICEC-Sergio-Gonz\u00e1lez-Araya-250x250.jpg 250w\" sizes=\"(max-width: 640px) 100vw, 640px\" \/><\/p>\n<div id=\"attachment_827\" style=\"width: 5482px\" class=\"wp-caption aligncenter\"><img aria-describedby=\"caption-attachment-827\" loading=\"lazy\" class=\"wp-image-827 size-full\" src=\"http:\/\/icec.umag.cl\/wp-content\/uploads\/2018\/11\/Inauguracion-invernadero-don-bosco-9-ICEC-Sergio-Gonz\u00e1lez-Araya.jpg\" alt=\"\" width=\"5472\" height=\"3648\" srcset=\"https:\/\/icec.umag.cl\/wp-content\/uploads\/2018\/11\/Inauguracion-invernadero-don-bosco-9-ICEC-Sergio-Gonz\u00e1lez-Araya.jpg 5472w, https:\/\/icec.umag.cl\/wp-content\/uploads\/2018\/11\/Inauguracion-invernadero-don-bosco-9-ICEC-Sergio-Gonz\u00e1lez-Araya-300x200.jpg 300w, https:\/\/icec.umag.cl\/wp-content\/uploads\/2018\/11\/Inauguracion-invernadero-don-bosco-9-ICEC-Sergio-Gonz\u00e1lez-Araya-768x512.jpg 768w, https:\/\/icec.umag.cl\/wp-content\/uploads\/2018\/11\/Inauguracion-invernadero-don-bosco-9-ICEC-Sergio-Gonz\u00e1lez-Araya-1024x683.jpg 1024w\" sizes=\"(max-width: 5472px) 100vw, 5472px\" \/><p id=\"caption-attachment-827\" class=\"wp-caption-text\">Paola Ponce, educadora de p\u00e1rvulos pre b\u00e1sica Instituto Don Bosco y docente participante programa ICEC UMAG.<\/p><\/div>\n","protected":false},"excerpt":{"rendered":"<p>&nbsp; &nbsp; &nbsp; &nbsp; &nbsp; &nbsp; La importancia que tiene saber acerca del cultivo de nuestros propios alimentos, ya no es desconocido para los ni\u00f1os y ni\u00f1as de prek\u00ednder y k\u00ednder que participan del club escolar \u201cCiencias Divertidas\u201d del Instituto Don Bosco. Gracias a la iniciativa de sus educadoras Paola Ponce y Flor Paredes, este&hellip; <br \/> <a class=\"read-more\" href=\"https:\/\/icec.umag.cl\/?p=822\">Leer m\u00e1s<\/a><\/p>\n","protected":false},"author":1,"featured_media":828,"comment_status":"open","ping_status":"open","sticky":false,"template":"","format":"standard","meta":[],"categories":[1],"tags":[],"_links":{"self":[{"href":"https:\/\/icec.umag.cl\/index.php?rest_route=\/wp\/v2\/posts\/822"}],"collection":[{"href":"https:\/\/icec.umag.cl\/index.php?rest_route=\/wp\/v2\/posts"}],"about":[{"href":"https:\/\/icec.umag.cl\/index.php?rest_route=\/wp\/v2\/types\/post"}],"author":[{"embeddable":true,"href":"https:\/\/icec.umag.cl\/index.php?rest_route=\/wp\/v2\/users\/1"}],"replies":[{"embeddable":true,"href":"https:\/\/icec.umag.cl\/index.php?rest_route=%2Fwp%2Fv2%2Fcomments&post=822"}],"version-history":[{"count":2,"href":"https:\/\/icec.umag.cl\/index.php?rest_route=\/wp\/v2\/posts\/822\/revisions"}],"predecessor-version":[{"id":830,"href":"https:\/\/icec.umag.cl\/index.php?rest_route=\/wp\/v2\/posts\/822\/revisions\/830"}],"wp:featuredmedia":[{"embeddable":true,"href":"https:\/\/icec.umag.cl\/index.php?rest_route=\/wp\/v2\/media\/828"}],"wp:attachment":[{"href":"https:\/\/icec.umag.cl\/index.php?rest_route=%2Fwp%2Fv2%2Fmedia&parent=822"}],"wp:term":[{"taxonomy":"category","embeddable":true,"href":"https:\/\/icec.umag.cl\/index.php?rest_route=%2Fwp%2Fv2%2Fcategories&post=822"},{"taxonomy":"post_tag","embeddable":true,"href":"https:\/\/icec.umag.cl\/index.php?rest_route=%2Fwp%2Fv2%2Ftags&post=822"}],"curies":[{"name":"wp","href":"https:\/\/api.w.org\/{rel}","templated":true}]}}