{"id":719,"date":"2018-09-09T05:41:15","date_gmt":"2018-09-09T05:41:15","guid":{"rendered":"http:\/\/icec.umag.cl\/?p=719"},"modified":"2018-10-09T05:41:27","modified_gmt":"2018-10-09T05:41:27","slug":"satisfechos-con-lo-mostrado-y-lo-aprendido-regresaron-profesores-que-participaron-en-congreso-latinoamericano-icec","status":"publish","type":"post","link":"https:\/\/icec.umag.cl\/?p=719","title":{"rendered":"Satisfechos con lo mostrado y lo aprendido regresaron profesores que participaron en Congreso Latinoamericano ICEC"},"content":{"rendered":"<p>&nbsp;<\/p>\n<p><em><img loading=\"lazy\" class=\"aligncenter wp-image-720 size-large\" src=\"http:\/\/icec.umag.cl\/wp-content\/uploads\/2018\/10\/WhatsApp-Image-2018-08-22-at-08.43.33-1024x797.jpeg\" alt=\"\" width=\"1024\" height=\"797\" srcset=\"https:\/\/icec.umag.cl\/wp-content\/uploads\/2018\/10\/WhatsApp-Image-2018-08-22-at-08.43.33-1024x797.jpeg 1024w, https:\/\/icec.umag.cl\/wp-content\/uploads\/2018\/10\/WhatsApp-Image-2018-08-22-at-08.43.33-300x233.jpeg 300w, https:\/\/icec.umag.cl\/wp-content\/uploads\/2018\/10\/WhatsApp-Image-2018-08-22-at-08.43.33-768x598.jpeg 768w, https:\/\/icec.umag.cl\/wp-content\/uploads\/2018\/10\/WhatsApp-Image-2018-08-22-at-08.43.33.jpeg 1280w\" sizes=\"(max-width: 1024px) 100vw, 1024px\" \/><\/em><\/p>\n<blockquote>\n<p style=\"text-align: center;\"><em>Los participantes confirmaron el valor que el trabajo colaborativo otorga a la ense\u00f1anza en general y al entusiasmo de los profesores por seguir cumpliendo su vocaci\u00f3n docente. <\/em><\/p>\n<\/blockquote>\n<p>En funci\u00f3n de los compromisos adquiridos en el convenio firmado entre la Universidad de Magallanes y el Ministerio de Educaci\u00f3n, profesores del Programa Indagaci\u00f3n Cient\u00edfica para la Ense\u00f1anza de la Ciencia (ICEC-UMAG) participaron en la novena versi\u00f3n del\u00a0<a href=\"https:\/\/www.mineduc.cl\/2018\/08\/22\/mas-de-400-docentes-participan-en-ix-congreso-nacional-y-latinoamericano-de-ciencias\/\">Congreso Nacional y Latinoamericano de Educaci\u00f3n en Ciencias<\/a>, evento que se realiz\u00f3 los d\u00edas 22, 23 y 24 de agosto en el Centro de Convenciones y Cultura del Hotel Galer\u00edas en Santiago. Acompa\u00f1aron la delegaci\u00f3n el coordinador acad\u00e9mico Alan Maldonado y la docente Magaly Vera, y presentaron una ponencia, cuatro p\u00f3steres y tres muestras, trabajo que ven\u00edan realizando desde el mes de abril.\u00a0Los representantes locales compartieron sus experiencias con m\u00e1s de 400 docentes e investigadores provenientes de 13 universidades nacionales y de Francia, Argentina y Colombia.<\/p>\n<p>El Congreso fue inaugurado por el subsecretario de Educaci\u00f3n, Ra\u00fal Figueroa, quien destac\u00f3 la importancia del trabajo colaborativo entre los docentes, las universidades y el Ministerio de Educaci\u00f3n. \u201cEn materia de calidad hay tres elementos que tienen que estar permanentemente encima de la mesa. Uno es la confianza, confiar en el trabajo de las comunidades educativas, los docentes y el trabajo de las universidades. Segundo, poner los aprendizajes en el centro de la pol\u00edtica p\u00fablica. Y tercero, la innovaci\u00f3n: si no somos capaces de innovar, va a ser muy dif\u00edcil que logremos generar los cambios necesarios en nuestro sistema educacional\u201d, sostuvo el subsecretario.<\/p>\n<p><strong>Impresiones de los participantes<\/strong><\/p>\n<p><img loading=\"lazy\" class=\" wp-image-690 alignleft\" src=\"http:\/\/icec.umag.cl\/wp-content\/uploads\/2018\/09\/Congreso-poster-768x1024.jpg\" alt=\"\" width=\"464\" height=\"619\" srcset=\"https:\/\/icec.umag.cl\/wp-content\/uploads\/2018\/09\/Congreso-poster-768x1024.jpg 768w, https:\/\/icec.umag.cl\/wp-content\/uploads\/2018\/09\/Congreso-poster-225x300.jpg 225w, https:\/\/icec.umag.cl\/wp-content\/uploads\/2018\/09\/Congreso-poster.jpg 900w\" sizes=\"(max-width: 464px) 100vw, 464px\" \/>\u201cAprend\u00ed demasiado; recib\u00ed harto apoyo de mis compa\u00f1eros; vi otras experiencias, y el poder yo compartir mi experiencia con otras colegas de lugares tan lejanos como Arica, para m\u00ed fue muy satisfactorio, porque me dio el entusiasmo y las ganas de seguir trabajando\u201d, celebr\u00f3 la profesora de Educaci\u00f3n B\u00e1sica de la escuela Pedro Pablo Lamaitre, Paola Vidal. La docente tuvo a su cargo la exposici\u00f3n de su trabajo de observaci\u00f3n de las hormigas, y en el Congreso confirm\u00f3 su reflexi\u00f3n acerca de la falta de espacios de reflexi\u00f3n, \u201cde conversar lo que uno vive en el aula, c\u00f3mo maneja ciertas situaciones, porque de repente estamos muy aislados, trabajamos solos en nuestras salas, y el conversar con otros colegas, ya sea cualquier \u00e1rea, parvularia, media, nos hace tomar estas herramientas y aplicarlas en el aula\u201d, afirm\u00f3.<\/p>\n<p>Su colega Flavia Berr\u00edos, Educadora de P\u00e1rvulos de la escuela Juan Williams, tambi\u00e9n calific\u00f3 de enriquecedor el encuentro, en el cual le toc\u00f3 participar con una muestra de aprendizaje acerca de una experiencia comparativa que realiz\u00f3 junto a una colega de otro establecimiento, incorporando a los padres y madres en el estudio de los insectos dulceacu\u00edcolas en aula y en terreno. \u201cPudimos conocer diferentes t\u00e9cnicas, no tan s\u00f3lo de ac\u00e1 de Magallanes sino que desde Arica a Punta Arenas, y es fue motivante ver a otros colegas y poder replicar todo lo que ellos tienen\u201d, acot\u00f3.<\/p>\n<p>Otro de los participantes del Congreso fue el profesor de F\u00edsica y Matem\u00e1tica Mauricio \u00c1lvarez Benavente, quien mostr\u00f3 el trabajo colaborativo que desarroll\u00f3 con un colega de Artes y Tecnolog\u00eda de su mismo colegio. A su juicio, el evento le permiti\u00f3 valorar \u201clo que se est\u00e1 haciendo en indagaci\u00f3n cient\u00edfica a nivel nacional\u201d, as\u00ed como tambi\u00e9n confirmar que \u201ctodos estamos aprendiendo algo nuevo de otros pares\u201d, concluy\u00f3.<\/p>\n<p>&nbsp;<\/p>\n<p><img loading=\"lazy\" class=\"aligncenter size-large wp-image-722\" src=\"http:\/\/icec.umag.cl\/wp-content\/uploads\/2018\/10\/WhatsApp-Image-2018-08-22-at-09.07.35-1024x576.jpeg\" alt=\"\" width=\"1024\" height=\"576\" srcset=\"https:\/\/icec.umag.cl\/wp-content\/uploads\/2018\/10\/WhatsApp-Image-2018-08-22-at-09.07.35-1024x576.jpeg 1024w, https:\/\/icec.umag.cl\/wp-content\/uploads\/2018\/10\/WhatsApp-Image-2018-08-22-at-09.07.35-300x169.jpeg 300w, https:\/\/icec.umag.cl\/wp-content\/uploads\/2018\/10\/WhatsApp-Image-2018-08-22-at-09.07.35-768x432.jpeg 768w, https:\/\/icec.umag.cl\/wp-content\/uploads\/2018\/10\/WhatsApp-Image-2018-08-22-at-09.07.35.jpeg 1032w\" sizes=\"(max-width: 1024px) 100vw, 1024px\" \/><\/p>\n<p>&nbsp;<\/p>\n","protected":false},"excerpt":{"rendered":"<p>&nbsp; Los participantes confirmaron el valor que el trabajo colaborativo otorga a la ense\u00f1anza en general y al entusiasmo de los profesores por seguir cumpliendo su vocaci\u00f3n docente. En funci\u00f3n de los compromisos adquiridos en el convenio firmado entre la Universidad de Magallanes y el Ministerio de Educaci\u00f3n, profesores del Programa Indagaci\u00f3n Cient\u00edfica para la&hellip; <br \/> <a class=\"read-more\" href=\"https:\/\/icec.umag.cl\/?p=719\">Leer m\u00e1s<\/a><\/p>\n","protected":false},"author":1,"featured_media":721,"comment_status":"open","ping_status":"open","sticky":false,"template":"","format":"standard","meta":[],"categories":[1],"tags":[],"_links":{"self":[{"href":"https:\/\/icec.umag.cl\/index.php?rest_route=\/wp\/v2\/posts\/719"}],"collection":[{"href":"https:\/\/icec.umag.cl\/index.php?rest_route=\/wp\/v2\/posts"}],"about":[{"href":"https:\/\/icec.umag.cl\/index.php?rest_route=\/wp\/v2\/types\/post"}],"author":[{"embeddable":true,"href":"https:\/\/icec.umag.cl\/index.php?rest_route=\/wp\/v2\/users\/1"}],"replies":[{"embeddable":true,"href":"https:\/\/icec.umag.cl\/index.php?rest_route=%2Fwp%2Fv2%2Fcomments&post=719"}],"version-history":[{"count":4,"href":"https:\/\/icec.umag.cl\/index.php?rest_route=\/wp\/v2\/posts\/719\/revisions"}],"predecessor-version":[{"id":726,"href":"https:\/\/icec.umag.cl\/index.php?rest_route=\/wp\/v2\/posts\/719\/revisions\/726"}],"wp:featuredmedia":[{"embeddable":true,"href":"https:\/\/icec.umag.cl\/index.php?rest_route=\/wp\/v2\/media\/721"}],"wp:attachment":[{"href":"https:\/\/icec.umag.cl\/index.php?rest_route=%2Fwp%2Fv2%2Fmedia&parent=719"}],"wp:term":[{"taxonomy":"category","embeddable":true,"href":"https:\/\/icec.umag.cl\/index.php?rest_route=%2Fwp%2Fv2%2Fcategories&post=719"},{"taxonomy":"post_tag","embeddable":true,"href":"https:\/\/icec.umag.cl\/index.php?rest_route=%2Fwp%2Fv2%2Ftags&post=719"}],"curies":[{"name":"wp","href":"https:\/\/api.w.org\/{rel}","templated":true}]}}