{"id":676,"date":"2018-09-03T02:46:39","date_gmt":"2018-09-03T02:46:39","guid":{"rendered":"http:\/\/icec.umag.cl\/?p=676"},"modified":"2018-10-09T04:28:20","modified_gmt":"2018-10-09T04:28:20","slug":"renee-schwartz-el-estudiante-tiene-la-responsabilidad-del-aprendizaje-el-profesor-es-un-guia","status":"publish","type":"post","link":"https:\/\/icec.umag.cl\/?p=676","title":{"rendered":"Renee\u2019\u00a0Schwartz: \u201cEl estudiante tiene la responsabilidad del aprendizaje. El profesor es un gu\u00eda\u201d."},"content":{"rendered":"<p>&nbsp;<\/p>\n<div id=\"attachment_691\" style=\"width: 1034px\" class=\"wp-caption aligncenter\"><img aria-describedby=\"caption-attachment-691\" loading=\"lazy\" class=\"wp-image-691 size-large\" src=\"http:\/\/icec.umag.cl\/wp-content\/uploads\/2018\/09\/Congreso-1024x576.jpg\" alt=\"\" width=\"1024\" height=\"576\" srcset=\"https:\/\/icec.umag.cl\/wp-content\/uploads\/2018\/09\/Congreso.jpg 1024w, https:\/\/icec.umag.cl\/wp-content\/uploads\/2018\/09\/Congreso-300x169.jpg 300w, https:\/\/icec.umag.cl\/wp-content\/uploads\/2018\/09\/Congreso-768x432.jpg 768w\" sizes=\"(max-width: 1024px) 100vw, 1024px\" \/><p id=\"caption-attachment-691\" class=\"wp-caption-text\">Delegaci\u00f3n de profesores ICEC UMAG en Santiago de Chile.<\/p><\/div>\n<p>En funci\u00f3n de los compromisos adquiridos en el convenio firmado entre la Universidad de Magallanes y el Ministerio de Educaci\u00f3n, el Programa ICEC (Indagaci\u00f3n Cient\u00edfica para la Ense\u00f1anza de la Ciencia), todos los profesores que componen esta comunidad participaron en la novena versi\u00f3n del Congreso Nacional y Latinoamericano de Educaci\u00f3n en Ciencias. El evento se realiz\u00f3 los d\u00edas 22, 23 y 24 de agosto en el Centro de Convenciones y Cultura del Hotel Galer\u00edas en Santiago, y acompa\u00f1aron la delegaci\u00f3n el coordinador acad\u00e9mico Alan Maldonado y la docente Magaly Vera. En una ponencia, cuatro p\u00f3steres y tres muestras, se present\u00f3 el resultado de un fruct\u00edfero trabajo de preparaci\u00f3n que han venido realizando desde el mes de abril.<\/p>\n<p>Uno de los expertos internacionales que asisti\u00f3 al evento es la Doctora en Filosof\u00eda, Educaci\u00f3n en Ciencias de la Universidad Estatal de Oreg\u00f3n,\u00a0Renee\u2019\u00a0Schwartz, a\u00a0quien el programa ICEC UMAG aprovech\u00f3 de invitar a Magallanes. En su reciente visita, realiz\u00f3 una charla para profesores de Ciencia de la comuna, profesores del curso ICEC, acad\u00e9micos del Programa ICEC, acad\u00e9micos UMAG y alumnos de Pedagog\u00eda de la UMAG.<\/p>\n<p>Su venida tambi\u00e9n sirvi\u00f3 para recoger sus impresiones respecto de la indagaci\u00f3n cient\u00edfica en el proceso de ense\u00f1anza aprendizaje.<\/p>\n<div id=\"attachment_682\" style=\"width: 522px\" class=\"wp-caption alignleft\"><img aria-describedby=\"caption-attachment-682\" loading=\"lazy\" class=\"wp-image-682 \" src=\"http:\/\/icec.umag.cl\/wp-content\/uploads\/2018\/09\/Renee-2-640x640.jpg\" alt=\"\" width=\"512\" height=\"513\" srcset=\"https:\/\/icec.umag.cl\/wp-content\/uploads\/2018\/09\/Renee-2-640x640.jpg 640w, https:\/\/icec.umag.cl\/wp-content\/uploads\/2018\/09\/Renee-2-150x150.jpg 150w, https:\/\/icec.umag.cl\/wp-content\/uploads\/2018\/09\/Renee-2-250x250.jpg 250w\" sizes=\"(max-width: 512px) 100vw, 512px\" \/><p id=\"caption-attachment-682\" class=\"wp-caption-text\">La charla fue realizada en la sala Terra Australis de la Universidad de Magallanes.<\/p><\/div>\n<blockquote><p><strong>\u00bfCu\u00e1les son las dificultades y las oportunidades de ense\u00f1ar y aprender ciencia?<\/strong><\/p>\n<p>Hay dificultades en ense\u00f1ar y aprender ciencia, y ellas involucran yo creo mucha tradici\u00f3n. Mucho de esto ha sido \u2018yo tengo mucha informaci\u00f3n y voy a d\u00e1rsela a mis estudiantes, y ellos van a memorizarla y repetirla\u2019, y eso no es realmente aprender; tampoco es ense\u00f1ar realmente, y \u00e9sa ha sido la tradici\u00f3n de mucha de la ense\u00f1anza en ciencia.<\/p>\n<p>Estamos tratando de cambiar eso, de hacerla m\u00e1s significativa para los estudiantes y para los profesores. Es ciertamente m\u00e1s entretenido y m\u00e1s efectivo ense\u00f1ar ciencia que, realmente, comprometa la curiosidad de los estudiantes, y que los lleve a hacer preguntas acerca de su mundo real, haciendo estudios y regresando con sus propias respuestas. Como profesor, es una manera mucho m\u00e1s satisfactoria de ense\u00f1ar, y como aprendiz es lejos m\u00e1s significativo entender de d\u00f3nde viene el conocimiento cient\u00edfico, porque est\u00e1s desarrollando y comprometi\u00e9ndote en los procesos, y aprendiendo qu\u00e9 significan.<\/p>\n<div id=\"attachment_677\" style=\"width: 518px\" class=\"wp-caption alignright\"><img aria-describedby=\"caption-attachment-677\" loading=\"lazy\" class=\"wp-image-677 \" src=\"http:\/\/icec.umag.cl\/wp-content\/uploads\/2018\/09\/1-640x640.png\" alt=\"\" width=\"508\" height=\"509\" srcset=\"https:\/\/icec.umag.cl\/wp-content\/uploads\/2018\/09\/1-640x640.png 640w, https:\/\/icec.umag.cl\/wp-content\/uploads\/2018\/09\/1-150x150.png 150w, https:\/\/icec.umag.cl\/wp-content\/uploads\/2018\/09\/1-250x250.png 250w\" sizes=\"(max-width: 508px) 100vw, 508px\" \/><p id=\"caption-attachment-677\" class=\"wp-caption-text\">La Dra. Renee&#8217; Schwartz tambi\u00e9n visit\u00f3 el Instituto de la Patagonia. Aqu\u00ed, en el Centro de Estudios del Hombre Austral.<\/p><\/div>\n<p><strong>\u00bfQu\u00e9 oportunidades ofrece esta regi\u00f3n para este cambio?<\/strong><\/p>\n<p>Aqu\u00ed, en esta regi\u00f3n, en Chile, hay muchas<\/p>\n<p>oportunidades, y yo he visto a trav\u00e9s del programa ICEC \u2013 que\u00a0 me trajo hasta aqu\u00ed \u2013 que la meta de ese programa es ayudar a los profesores a aprender c\u00f3mo lograr que sus estudiantes hagan indagaci\u00f3n cient\u00edfica haciendo sus propias preguntas, preguntas cient\u00edficas, y respondiendo esas preguntas para ellos mismos. Esto pone la responsabilidad del aprendizaje en el estudiante, y el profesor es una gu\u00eda en ese proceso. Entonces \u00e9ste es el principal objetivo del programa ICEC, que es una verdadera oportunidad para los profesores de ac\u00e1 de intercambiar sus visiones acerca de qu\u00e9 es una buena ense\u00f1anza de la ciencia, y qu\u00e9 puede ser el aprendizaje en ciencia. Hay metas similares en Estados Unidos, entonces estamos tratando de desarrollar una sociedad m\u00e1s cient\u00edfica, ayudando a la gente a entender qu\u00e9 es aut\u00e9ntica ciencia.<\/p>\n<p><strong>\u00bfC\u00f3mo ha sido la experiencia de esta visita? <\/strong><\/p>\n<p>\u00c9sta ha sido una experiencia maravillosa aqu\u00ed. Esta ma\u00f1ana en la Universidad hablando con los profesores con la facultad realmente sent\u00ed energ\u00eda con el grupo y entusiasmo por pensar en qu\u00e9 es ciencia y qu\u00e9 hacen los cient\u00edficos, y esa experiencia para m\u00ed fue muy iluminadora y maravillosa, maravillosa. Creo que hay muchas oportunidades para mejorar la educaci\u00f3n cient\u00edfica aqu\u00ed y toda esta \u00e1rea, la historia que he estado aprendiendo durante el \u00faltimo par de d\u00edas no la conoc\u00eda muy bien, la historia de Chile en general, pero espec\u00edficamente no sab\u00eda nada de la historia de Punta Arenas y tiene mucho car\u00e1cter y pureza, y aqu\u00ed yo realmente puedo apreciar eso. Hemos estado hablando acerca de c\u00f3mo la gente trabaja unida, algo que puedo ver con los profesores. Ellos est\u00e1n trabajando unidos para lograr una mayor mejora en la educaci\u00f3n cient\u00edfica, y eso es parte de la comunidad local.<\/p>\n<p><img loading=\"lazy\" class=\"aligncenter size-large wp-image-679\" src=\"http:\/\/icec.umag.cl\/wp-content\/uploads\/2018\/09\/4-1024x569.png\" alt=\"\" width=\"1024\" height=\"569\" srcset=\"https:\/\/icec.umag.cl\/wp-content\/uploads\/2018\/09\/4-1024x569.png 1024w, https:\/\/icec.umag.cl\/wp-content\/uploads\/2018\/09\/4-300x167.png 300w, https:\/\/icec.umag.cl\/wp-content\/uploads\/2018\/09\/4-768x427.png 768w\" sizes=\"(max-width: 1024px) 100vw, 1024px\" \/><\/p>\n<p><img loading=\"lazy\" class=\"aligncenter size-large wp-image-687\" src=\"http:\/\/icec.umag.cl\/wp-content\/uploads\/2018\/09\/Renee-7-1024x683.jpg\" alt=\"\" width=\"1024\" height=\"683\" srcset=\"https:\/\/icec.umag.cl\/wp-content\/uploads\/2018\/09\/Renee-7-1024x683.jpg 1024w, https:\/\/icec.umag.cl\/wp-content\/uploads\/2018\/09\/Renee-7-300x200.jpg 300w, https:\/\/icec.umag.cl\/wp-content\/uploads\/2018\/09\/Renee-7-768x512.jpg 768w, https:\/\/icec.umag.cl\/wp-content\/uploads\/2018\/09\/Renee-7.jpg 1920w\" sizes=\"(max-width: 1024px) 100vw, 1024px\" \/><\/p><\/blockquote>\n<p>&nbsp;<\/p>\n","protected":false},"excerpt":{"rendered":"<p>&nbsp; En funci\u00f3n de los compromisos adquiridos en el convenio firmado entre la Universidad de Magallanes y el Ministerio de Educaci\u00f3n, el Programa ICEC (Indagaci\u00f3n Cient\u00edfica para la Ense\u00f1anza de la Ciencia), todos los profesores que componen esta comunidad participaron en la novena versi\u00f3n del Congreso Nacional y Latinoamericano de Educaci\u00f3n en Ciencias. El evento&hellip; <br \/> <a class=\"read-more\" href=\"https:\/\/icec.umag.cl\/?p=676\">Leer m\u00e1s<\/a><\/p>\n","protected":false},"author":1,"featured_media":682,"comment_status":"open","ping_status":"open","sticky":false,"template":"","format":"standard","meta":[],"categories":[1],"tags":[],"_links":{"self":[{"href":"https:\/\/icec.umag.cl\/index.php?rest_route=\/wp\/v2\/posts\/676"}],"collection":[{"href":"https:\/\/icec.umag.cl\/index.php?rest_route=\/wp\/v2\/posts"}],"about":[{"href":"https:\/\/icec.umag.cl\/index.php?rest_route=\/wp\/v2\/types\/post"}],"author":[{"embeddable":true,"href":"https:\/\/icec.umag.cl\/index.php?rest_route=\/wp\/v2\/users\/1"}],"replies":[{"embeddable":true,"href":"https:\/\/icec.umag.cl\/index.php?rest_route=%2Fwp%2Fv2%2Fcomments&post=676"}],"version-history":[{"count":14,"href":"https:\/\/icec.umag.cl\/index.php?rest_route=\/wp\/v2\/posts\/676\/revisions"}],"predecessor-version":[{"id":705,"href":"https:\/\/icec.umag.cl\/index.php?rest_route=\/wp\/v2\/posts\/676\/revisions\/705"}],"wp:featuredmedia":[{"embeddable":true,"href":"https:\/\/icec.umag.cl\/index.php?rest_route=\/wp\/v2\/media\/682"}],"wp:attachment":[{"href":"https:\/\/icec.umag.cl\/index.php?rest_route=%2Fwp%2Fv2%2Fmedia&parent=676"}],"wp:term":[{"taxonomy":"category","embeddable":true,"href":"https:\/\/icec.umag.cl\/index.php?rest_route=%2Fwp%2Fv2%2Fcategories&post=676"},{"taxonomy":"post_tag","embeddable":true,"href":"https:\/\/icec.umag.cl\/index.php?rest_route=%2Fwp%2Fv2%2Ftags&post=676"}],"curies":[{"name":"wp","href":"https:\/\/api.w.org\/{rel}","templated":true}]}}