{"id":659,"date":"2018-08-07T17:30:07","date_gmt":"2018-08-07T17:30:07","guid":{"rendered":"http:\/\/icec.umag.cl\/?p=659"},"modified":"2018-08-07T17:49:13","modified_gmt":"2018-08-07T17:49:13","slug":"una-sociedad-fundada-en-el-conocimiento","status":"publish","type":"post","link":"https:\/\/icec.umag.cl\/?p=659","title":{"rendered":"Una sociedad fundada en el conocimiento"},"content":{"rendered":"<p><img loading=\"lazy\" class=\"alignleft wp-image-660\" src=\"http:\/\/icec.umag.cl\/wp-content\/uploads\/2018\/08\/Foto-Fabi\u00e1n-pagina-web-ecoscience-2017-640x640.jpg\" alt=\"\" width=\"287\" height=\"287\" srcset=\"https:\/\/icec.umag.cl\/wp-content\/uploads\/2018\/08\/Foto-Fabi\u00e1n-pagina-web-ecoscience-2017-640x640.jpg 640w, https:\/\/icec.umag.cl\/wp-content\/uploads\/2018\/08\/Foto-Fabi\u00e1n-pagina-web-ecoscience-2017-150x150.jpg 150w, https:\/\/icec.umag.cl\/wp-content\/uploads\/2018\/08\/Foto-Fabi\u00e1n-pagina-web-ecoscience-2017-300x300.jpg 300w, https:\/\/icec.umag.cl\/wp-content\/uploads\/2018\/08\/Foto-Fabi\u00e1n-pagina-web-ecoscience-2017-768x769.jpg 768w, https:\/\/icec.umag.cl\/wp-content\/uploads\/2018\/08\/Foto-Fabi\u00e1n-pagina-web-ecoscience-2017-1024x1025.jpg 1024w, https:\/\/icec.umag.cl\/wp-content\/uploads\/2018\/08\/Foto-Fabi\u00e1n-pagina-web-ecoscience-2017-250x250.jpg 250w, https:\/\/icec.umag.cl\/wp-content\/uploads\/2018\/08\/Foto-Fabi\u00e1n-pagina-web-ecoscience-2017.jpg 1240w\" sizes=\"(max-width: 287px) 100vw, 287px\" \/>Fabi\u00e1n Bravo Manonella \u2013 Profesor de Biolog\u00eda y Ciencias Naturales que dirige el \u00e1rea de Educaci\u00f3n de la <a href=\"http:\/\/www.ecoscience.org\">Fundaci\u00f3n Ecoscience<\/a> \u2013 es quien dict\u00f3 el 7 de julio pasado en el Liceo Polit\u00e9cnico de Punta Arenas, un taller colaborativo de indagaci\u00f3n como m\u00e9todo para la elaboraci\u00f3n de clases a los docentes del programa ICEC UMAG. En la ocasi\u00f3n, conversamos acerca de la iniciativa que lo respalda.<\/p>\n<p><em>\u00bfQu\u00e9 es la Fundaci\u00f3n EcoScience?<\/em><\/p>\n<p>La Fundaci\u00f3n la crea el a\u00f1o 2004 Eduardo Ergas. \u00c9l es un fil\u00e1ntropo que en alg\u00fan momento tuvo la visi\u00f3n de poder formularse un Chile en donde la ciencia pudiera ir m\u00e1s de la mano de la sociedad, fundamentalmente, orientada a una sociedad fundada en el conocimiento. Entonces, en primera instancia lo que se busc\u00f3 fue poder acercar el mundo de la investigaci\u00f3n cient\u00edfica al mundo de la empresa, al mundo pol\u00edtico y al mundo del p\u00fablico en general, de tal manera que no estuviera parcelado en unas islas la investigaci\u00f3n cientifica que se hac\u00eda en Chile.<\/p>\n<p><em>\u00bfQu\u00e9 hace en Magallanes?<\/em><\/p>\n<p>Entre las l\u00edneas de intervenci\u00f3n tenemos una que est\u00e1 enfocada a potenciar la educaci\u00f3n cient\u00edfica en las escuelas. Especificamente, tenemos el proyecto de los Laboratorios M\u00f3viles en Ciencia. Ac\u00e1 en la regi\u00f3n de Magallanes empezamos a trabajar el a\u00f1o 2017 con el Laboratorio Conciencia Magallanes, que se acerca a las escuelas llevando experiencias indagatorias de ciencia, que est\u00e1n alineadas a los objetivos de aprendizaje que tienen planificados los profesores durante la semana de visita. Este laboratorio se va a quedar a perpetuidad en la regi\u00f3n, en el Institufo de la Patagonia de la Universidad de Magallanes.<\/p>\n<p><em>\u00bfHay laboratorios en todo Chile?<\/em><\/p>\n<p>El primero fue el Bus Conciencia que, desde 2012, ha recorrido Chile desde la frontera norte del pa\u00eds hasta Chilo\u00e9. Tambi\u00e9n aprovecho de contarles que ahora en agosto vamos a lanzar el tercer laboratorio m\u00f3vil llamado Conciencia Astronom\u00eda, y ese tambi\u00e9n va a estar orientado a colegios, entonces, eventualmente, tambi\u00e9n puede visitar la regi\u00f3n de Magallanes.<\/p>\n<p>&nbsp;<\/p>\n","protected":false},"excerpt":{"rendered":"<p>Fabi\u00e1n Bravo Manonella \u2013 Profesor de Biolog\u00eda y Ciencias Naturales que dirige el \u00e1rea de Educaci\u00f3n de la Fundaci\u00f3n Ecoscience \u2013 es quien dict\u00f3 el 7 de julio pasado en el Liceo Polit\u00e9cnico de Punta Arenas, un taller colaborativo de indagaci\u00f3n como m\u00e9todo para la elaboraci\u00f3n de clases a los docentes del programa ICEC UMAG.&hellip; <br \/> <a class=\"read-more\" href=\"https:\/\/icec.umag.cl\/?p=659\">Leer m\u00e1s<\/a><\/p>\n","protected":false},"author":1,"featured_media":660,"comment_status":"open","ping_status":"open","sticky":false,"template":"","format":"standard","meta":[],"categories":[1],"tags":[],"_links":{"self":[{"href":"https:\/\/icec.umag.cl\/index.php?rest_route=\/wp\/v2\/posts\/659"}],"collection":[{"href":"https:\/\/icec.umag.cl\/index.php?rest_route=\/wp\/v2\/posts"}],"about":[{"href":"https:\/\/icec.umag.cl\/index.php?rest_route=\/wp\/v2\/types\/post"}],"author":[{"embeddable":true,"href":"https:\/\/icec.umag.cl\/index.php?rest_route=\/wp\/v2\/users\/1"}],"replies":[{"embeddable":true,"href":"https:\/\/icec.umag.cl\/index.php?rest_route=%2Fwp%2Fv2%2Fcomments&post=659"}],"version-history":[{"count":9,"href":"https:\/\/icec.umag.cl\/index.php?rest_route=\/wp\/v2\/posts\/659\/revisions"}],"predecessor-version":[{"id":669,"href":"https:\/\/icec.umag.cl\/index.php?rest_route=\/wp\/v2\/posts\/659\/revisions\/669"}],"wp:featuredmedia":[{"embeddable":true,"href":"https:\/\/icec.umag.cl\/index.php?rest_route=\/wp\/v2\/media\/660"}],"wp:attachment":[{"href":"https:\/\/icec.umag.cl\/index.php?rest_route=%2Fwp%2Fv2%2Fmedia&parent=659"}],"wp:term":[{"taxonomy":"category","embeddable":true,"href":"https:\/\/icec.umag.cl\/index.php?rest_route=%2Fwp%2Fv2%2Fcategories&post=659"},{"taxonomy":"post_tag","embeddable":true,"href":"https:\/\/icec.umag.cl\/index.php?rest_route=%2Fwp%2Fv2%2Ftags&post=659"}],"curies":[{"name":"wp","href":"https:\/\/api.w.org\/{rel}","templated":true}]}}