{"id":641,"date":"2018-08-06T06:03:56","date_gmt":"2018-08-06T06:03:56","guid":{"rendered":"http:\/\/icec.umag.cl\/?p=641"},"modified":"2018-08-06T23:40:32","modified_gmt":"2018-08-06T23:40:32","slug":"programa-icec-umag-ofrecio-taller-certificado-ecoscience-para-ensenar-trabajo-colaborativo-a-profesores","status":"publish","type":"post","link":"https:\/\/icec.umag.cl\/?p=641","title":{"rendered":"Programa ICEC UMAG ofreci\u00f3 taller certificado Ecoscience para ense\u00f1ar trabajo colaborativo a profesores"},"content":{"rendered":"<p><em><img loading=\"lazy\" class=\"aligncenter size-large wp-image-642\" src=\"http:\/\/icec.umag.cl\/wp-content\/uploads\/2018\/08\/20180707163352_IMG_6219-1024x683.jpg\" alt=\"\" width=\"1024\" height=\"683\" srcset=\"https:\/\/icec.umag.cl\/wp-content\/uploads\/2018\/08\/20180707163352_IMG_6219-1024x683.jpg 1024w, https:\/\/icec.umag.cl\/wp-content\/uploads\/2018\/08\/20180707163352_IMG_6219-300x200.jpg 300w, https:\/\/icec.umag.cl\/wp-content\/uploads\/2018\/08\/20180707163352_IMG_6219-768x512.jpg 768w, https:\/\/icec.umag.cl\/wp-content\/uploads\/2018\/08\/20180707163352_IMG_6219.jpg 1920w\" sizes=\"(max-width: 1024px) 100vw, 1024px\" \/>\u00a0<\/em><\/p>\n<p>Recientemente, el profesor y director de Educaci\u00f3n de la <a href=\"http:\/\/www.ecoscience.org\">Fundaci\u00f3n Ecoscience<\/a>, Fabi\u00e1n Bravo Manonella, dict\u00f3 el taller \u00abIndagaci\u00f3n como m\u00e9todo para la elaboraci\u00f3n de clases alineadas a los OA en todas sus dimensiones (contenidos, habilidades y actitudes)\u00bb,\u00a0a los profesores de distintas asignaturas y niveles educativos que participan del programa Indagaci\u00f3n Cient\u00edfica para la Educaci\u00f3n en Ciencias, iniciativa del Ministerio de Educaci\u00f3n ejecutada en la regi\u00f3n por la Universidad de Magallanes (ICEC UMAG).<\/p>\n<p>El objetivo de la actividad organizada por ICEC UMAG ten\u00eda por objeto que los estudiantes trabajaran con herramientas orientadas a planificar y elaborar evaluaciones de los aprendizajes circunscritos a estas actividades, en una experiencia cooperativa. Una venintena de participantes dieron la mejor impresi\u00f3n al profesor Bravo, a quien lo que m\u00e1s \u201cllam\u00f3 la atenci\u00f3n fue que es un grupo estrechamente unido y muy motivado, y eso hace que las actividades sean muy gratificantes de hacer, porque tienen una capacidad de aprendizaje que est\u00e1 bastante de desarrollada y avanzada\u201d, opin\u00f3.<\/p>\n<p>Seg\u00fan explic\u00f3 el profesor, hicieron \u201cun trabajo sistem\u00e1tico en donde, en cierta medida, maqueteamos algunos experimentos, y declaramos un \u2018paso a paso\u2019 de cu\u00e1les son las distintas habilidades que se trabajan en una etapa de investigaci\u00f3n\u201d. M\u00f3nica Oyarz\u00fan, docente de Religi\u00f3n que tiene un taller de Astronom\u00eda en el colegio Contardi y particip\u00f3 del taller, afirm\u00f3 que est\u00e1 \u201cfascinada de la ciencia\u201d, y cree \u201cque religi\u00f3n y ciencia tienen mucho que ver (\u2026) La relaci\u00f3n est\u00e1 en la creaci\u00f3n (\u2026) Me encanta esa combinaci\u00f3n, y lo que he descubierto es maravilloso\u201d, celebr\u00f3.<\/p>\n<p>Para Javier Garay, profesor de las escuela Hernando de Magallanes, Pedro Pablo Lamaitre y Barranco Amarillo que participa en la comunidad de aprendizaje, \u201cfue una experiencia sumamante interesante el hecho de poder compartir con colegas; el reencontrarse con gente con la que hemos trabajado en proyectos de ciencia y, sobre todo, siempre es bueno para uno como docente ir mejorando nuestra praxis educativa (\u2026) poder hacer tambi\u00e9n mas pr\u00e1ctica la experiencia, sobre todo, con los alumnos de hoy d\u00eda, que siempre buscan cosas nuevas\u201d, asegur\u00f3.<\/p>\n<p>La instancia de perfeccionamiento se realiz\u00f3 dutante todo el d\u00eda en el Liceo Polit\u00e9cnico, y culmin\u00f3 con una certificaci\u00f3n.<\/p>\n<p><img loading=\"lazy\" class=\"aligncenter size-large wp-image-644\" src=\"http:\/\/icec.umag.cl\/wp-content\/uploads\/2018\/08\/20180707165029_IMG_6304-1024x683.jpg\" alt=\"\" width=\"1024\" height=\"683\" srcset=\"https:\/\/icec.umag.cl\/wp-content\/uploads\/2018\/08\/20180707165029_IMG_6304-1024x683.jpg 1024w, https:\/\/icec.umag.cl\/wp-content\/uploads\/2018\/08\/20180707165029_IMG_6304-300x200.jpg 300w, https:\/\/icec.umag.cl\/wp-content\/uploads\/2018\/08\/20180707165029_IMG_6304-768x512.jpg 768w, https:\/\/icec.umag.cl\/wp-content\/uploads\/2018\/08\/20180707165029_IMG_6304.jpg 1920w\" sizes=\"(max-width: 1024px) 100vw, 1024px\" \/> <img loading=\"lazy\" class=\"aligncenter size-large wp-image-643\" src=\"http:\/\/icec.umag.cl\/wp-content\/uploads\/2018\/08\/20180707164720_IMG_6268-1024x683.jpg\" alt=\"\" width=\"1024\" height=\"683\" srcset=\"https:\/\/icec.umag.cl\/wp-content\/uploads\/2018\/08\/20180707164720_IMG_6268-1024x683.jpg 1024w, https:\/\/icec.umag.cl\/wp-content\/uploads\/2018\/08\/20180707164720_IMG_6268-300x200.jpg 300w, https:\/\/icec.umag.cl\/wp-content\/uploads\/2018\/08\/20180707164720_IMG_6268-768x512.jpg 768w, https:\/\/icec.umag.cl\/wp-content\/uploads\/2018\/08\/20180707164720_IMG_6268.jpg 1920w\" sizes=\"(max-width: 1024px) 100vw, 1024px\" \/><\/p>\n<p>&nbsp;<\/p>\n","protected":false},"excerpt":{"rendered":"<p>\u00a0 Recientemente, el profesor y director de Educaci\u00f3n de la Fundaci\u00f3n Ecoscience, Fabi\u00e1n Bravo Manonella, dict\u00f3 el taller \u00abIndagaci\u00f3n como m\u00e9todo para la elaboraci\u00f3n de clases alineadas a los OA en todas sus dimensiones (contenidos, habilidades y actitudes)\u00bb,\u00a0a los profesores de distintas asignaturas y niveles educativos que participan del programa Indagaci\u00f3n Cient\u00edfica para la Educaci\u00f3n&hellip; <br \/> <a class=\"read-more\" href=\"https:\/\/icec.umag.cl\/?p=641\">Leer m\u00e1s<\/a><\/p>\n","protected":false},"author":1,"featured_media":644,"comment_status":"open","ping_status":"open","sticky":false,"template":"","format":"standard","meta":[],"categories":[1],"tags":[],"_links":{"self":[{"href":"https:\/\/icec.umag.cl\/index.php?rest_route=\/wp\/v2\/posts\/641"}],"collection":[{"href":"https:\/\/icec.umag.cl\/index.php?rest_route=\/wp\/v2\/posts"}],"about":[{"href":"https:\/\/icec.umag.cl\/index.php?rest_route=\/wp\/v2\/types\/post"}],"author":[{"embeddable":true,"href":"https:\/\/icec.umag.cl\/index.php?rest_route=\/wp\/v2\/users\/1"}],"replies":[{"embeddable":true,"href":"https:\/\/icec.umag.cl\/index.php?rest_route=%2Fwp%2Fv2%2Fcomments&post=641"}],"version-history":[{"count":7,"href":"https:\/\/icec.umag.cl\/index.php?rest_route=\/wp\/v2\/posts\/641\/revisions"}],"predecessor-version":[{"id":658,"href":"https:\/\/icec.umag.cl\/index.php?rest_route=\/wp\/v2\/posts\/641\/revisions\/658"}],"wp:featuredmedia":[{"embeddable":true,"href":"https:\/\/icec.umag.cl\/index.php?rest_route=\/wp\/v2\/media\/644"}],"wp:attachment":[{"href":"https:\/\/icec.umag.cl\/index.php?rest_route=%2Fwp%2Fv2%2Fmedia&parent=641"}],"wp:term":[{"taxonomy":"category","embeddable":true,"href":"https:\/\/icec.umag.cl\/index.php?rest_route=%2Fwp%2Fv2%2Fcategories&post=641"},{"taxonomy":"post_tag","embeddable":true,"href":"https:\/\/icec.umag.cl\/index.php?rest_route=%2Fwp%2Fv2%2Ftags&post=641"}],"curies":[{"name":"wp","href":"https:\/\/api.w.org\/{rel}","templated":true}]}}