{"id":623,"date":"2018-07-12T20:57:28","date_gmt":"2018-07-12T20:57:28","guid":{"rendered":"http:\/\/icec.umag.cl\/?p=623"},"modified":"2018-07-12T20:57:28","modified_gmt":"2018-07-12T20:57:28","slug":"reflexiones-sobre-el-rol-docente-marcaron-sesion-de-la-comunidad-de-aprendizaje-icec-umag","status":"publish","type":"post","link":"https:\/\/icec.umag.cl\/?p=623","title":{"rendered":"Reflexiones sobre el rol docente marcaron sesi\u00f3n de la Comunidad de Aprendizaje ICEC-UMAG"},"content":{"rendered":"<p><img loading=\"lazy\" class=\"aligncenter wp-image-624 size-large\" src=\"http:\/\/icec.umag.cl\/wp-content\/uploads\/2018\/07\/comunidad-de-aprendizaje-relfexiones-1-1024x768.jpg\" alt=\"\" width=\"1024\" height=\"768\" srcset=\"https:\/\/icec.umag.cl\/wp-content\/uploads\/2018\/07\/comunidad-de-aprendizaje-relfexiones-1-1024x768.jpg 1024w, https:\/\/icec.umag.cl\/wp-content\/uploads\/2018\/07\/comunidad-de-aprendizaje-relfexiones-1-300x225.jpg 300w, https:\/\/icec.umag.cl\/wp-content\/uploads\/2018\/07\/comunidad-de-aprendizaje-relfexiones-1-768x576.jpg 768w, https:\/\/icec.umag.cl\/wp-content\/uploads\/2018\/07\/comunidad-de-aprendizaje-relfexiones-1.jpg 1152w\" sizes=\"(max-width: 1024px) 100vw, 1024px\" \/><\/p>\n<p style=\"text-align: left;\">Un encuentro que sirvi\u00f3 para analizar el trabajo colaborativo que lograron establecer gracias al programa, fue el que sostuvieron los profesores participantes de la Comunidad de Aprendizaje ICEC de la Universidad de Magallanes (ICEC-UMAG), sesi\u00f3n que estuvo encabezada por las coordinadoras de la instancia y tambi\u00e9n docentes, Hilda Carrera y Lilian Toledo.<\/p>\n<p style=\"text-align: left;\">En la oportunidad, los educadores hicieron un positivo balance de la iniciativa, haciendo hincapi\u00e9 en la posibilidad que les ha brindado el espacio, de observar y reflexionar m\u00e1s a fondo sobre el rol docente y la pr\u00e1ctica pedag\u00f3gica gracias a las metodolog\u00edas de aprendizaje en indagaci\u00f3n en ciencias que han podido experimentar durante este semestre.<\/p>\n<p style=\"text-align: left;\">Del an\u00e1lisis, los profesores destacaron el aporte de las Comunidades de Aprendizaje en mejorar la capacidad de solucionar problemas, de cuestionarse las estrategias de ense\u00f1anza aplicadas en el aula, y \u00a0tambi\u00e9n de conformar equipos de trabajo para favorecer el aprendizaje. Adem\u00e1s, hablaron de la ventaja de ir generando un \u201cquiebre en la educaci\u00f3n\u201d, refiri\u00e9ndose a que hay maneras distintas de encantar a los ni\u00f1os en clases.<\/p>\n<p style=\"text-align: left;\">Al finalizar la reuni\u00f3n, las coordinadoras instaron a los asistentes a proponer temas, ideas y\/o actividades para poder implementar -en lo que queda de este a\u00f1o- en estos espacios colaborativos que impulsa el Programa Indagaci\u00f3n Cient\u00edfica para la Educaci\u00f3n en Ciencias, ICEC-UMAG.<\/p>\n<p><img loading=\"lazy\" class=\"aligncenter wp-image-625 size-large\" src=\"http:\/\/icec.umag.cl\/wp-content\/uploads\/2018\/07\/comunidad-de-aprendizaje-reflexiones-2-1024x768.jpg\" alt=\"\" width=\"1024\" height=\"768\" srcset=\"https:\/\/icec.umag.cl\/wp-content\/uploads\/2018\/07\/comunidad-de-aprendizaje-reflexiones-2-1024x768.jpg 1024w, https:\/\/icec.umag.cl\/wp-content\/uploads\/2018\/07\/comunidad-de-aprendizaje-reflexiones-2-300x225.jpg 300w, https:\/\/icec.umag.cl\/wp-content\/uploads\/2018\/07\/comunidad-de-aprendizaje-reflexiones-2-768x576.jpg 768w, https:\/\/icec.umag.cl\/wp-content\/uploads\/2018\/07\/comunidad-de-aprendizaje-reflexiones-2.jpg 1152w\" sizes=\"(max-width: 1024px) 100vw, 1024px\" \/><\/p>\n<p>&nbsp;<\/p>\n<p><em>\u00a0<\/em><\/p>\n","protected":false},"excerpt":{"rendered":"<p>Un encuentro que sirvi\u00f3 para analizar el trabajo colaborativo que lograron establecer gracias al programa, fue el que sostuvieron los profesores participantes de la Comunidad de Aprendizaje ICEC de la Universidad de Magallanes (ICEC-UMAG), sesi\u00f3n que estuvo encabezada por las coordinadoras de la instancia y tambi\u00e9n docentes, Hilda Carrera y Lilian Toledo. En la oportunidad,&hellip; <br \/> <a class=\"read-more\" href=\"https:\/\/icec.umag.cl\/?p=623\">Leer m\u00e1s<\/a><\/p>\n","protected":false},"author":1,"featured_media":625,"comment_status":"open","ping_status":"open","sticky":false,"template":"","format":"standard","meta":[],"categories":[1],"tags":[],"_links":{"self":[{"href":"https:\/\/icec.umag.cl\/index.php?rest_route=\/wp\/v2\/posts\/623"}],"collection":[{"href":"https:\/\/icec.umag.cl\/index.php?rest_route=\/wp\/v2\/posts"}],"about":[{"href":"https:\/\/icec.umag.cl\/index.php?rest_route=\/wp\/v2\/types\/post"}],"author":[{"embeddable":true,"href":"https:\/\/icec.umag.cl\/index.php?rest_route=\/wp\/v2\/users\/1"}],"replies":[{"embeddable":true,"href":"https:\/\/icec.umag.cl\/index.php?rest_route=%2Fwp%2Fv2%2Fcomments&post=623"}],"version-history":[{"count":1,"href":"https:\/\/icec.umag.cl\/index.php?rest_route=\/wp\/v2\/posts\/623\/revisions"}],"predecessor-version":[{"id":626,"href":"https:\/\/icec.umag.cl\/index.php?rest_route=\/wp\/v2\/posts\/623\/revisions\/626"}],"wp:featuredmedia":[{"embeddable":true,"href":"https:\/\/icec.umag.cl\/index.php?rest_route=\/wp\/v2\/media\/625"}],"wp:attachment":[{"href":"https:\/\/icec.umag.cl\/index.php?rest_route=%2Fwp%2Fv2%2Fmedia&parent=623"}],"wp:term":[{"taxonomy":"category","embeddable":true,"href":"https:\/\/icec.umag.cl\/index.php?rest_route=%2Fwp%2Fv2%2Fcategories&post=623"},{"taxonomy":"post_tag","embeddable":true,"href":"https:\/\/icec.umag.cl\/index.php?rest_route=%2Fwp%2Fv2%2Ftags&post=623"}],"curies":[{"name":"wp","href":"https:\/\/api.w.org\/{rel}","templated":true}]}}