{"id":615,"date":"2018-06-28T00:03:01","date_gmt":"2018-06-28T00:03:01","guid":{"rendered":"http:\/\/icec.umag.cl\/?p=615"},"modified":"2018-06-28T00:05:31","modified_gmt":"2018-06-28T00:05:31","slug":"profesores-de-icec-umag-comenzaron-a-preparar-trabajos-para-congreso-nacional-y-latinoamericano-de-educacion-en-ciencias","status":"publish","type":"post","link":"https:\/\/icec.umag.cl\/?p=615","title":{"rendered":"Profesores de ICEC-UMAG comenzaron a preparar trabajos para Congreso Nacional y Latinoamericano de Educaci\u00f3n en Ciencias"},"content":{"rendered":"<p style=\"text-align: center;\"><em>&#8211; La idea es resaltar la caracter\u00edstica de laboratorio natural que la formaci\u00f3n escolar puede aprovechar en Magallanes.<\/em><\/p>\n<div id=\"attachment_616\" style=\"width: 1034px\" class=\"wp-caption aligncenter\"><img aria-describedby=\"caption-attachment-616\" loading=\"lazy\" class=\"wp-image-616 size-large\" src=\"http:\/\/icec.umag.cl\/wp-content\/uploads\/2018\/06\/IMG_5741-1-1024x683.jpg\" alt=\"\" width=\"1024\" height=\"683\" srcset=\"https:\/\/icec.umag.cl\/wp-content\/uploads\/2018\/06\/IMG_5741-1-1024x683.jpg 1024w, https:\/\/icec.umag.cl\/wp-content\/uploads\/2018\/06\/IMG_5741-1-300x200.jpg 300w, https:\/\/icec.umag.cl\/wp-content\/uploads\/2018\/06\/IMG_5741-1-768x512.jpg 768w\" sizes=\"(max-width: 1024px) 100vw, 1024px\" \/><p id=\"caption-attachment-616\" class=\"wp-caption-text\">El coordinador acad\u00e9mico de ICEC UMAG, profesor Alan Maldonado, dirigi\u00f3 la instancia de preparaci\u00f3n a los docentes participantes del programa.<\/p><\/div>\n<p style=\"text-align: left;\">Entre el 22 y el 24 de agosto pr\u00f3ximo, en el Centro de Convenciones y Cultura del Hotel Galer\u00edas en Santiago de Chile, se realizar\u00e1 el\u00a0noveno Congreso\u00a0Nacional y Latinoamericano de Educaci\u00f3n en Ciencias, encuentro al cual asistir\u00e1 el Programa Indagaci\u00f3n Cient\u00edfica para la Educaci\u00f3n en Ciencias de la Universidad de Magallanes (ICEC UMAG).<\/p>\n<p style=\"text-align: left;\">Recientemente, los 15 profesores de Magallanes que participan de la <a href=\"http:\/\/icec.umag.cl\/index.php\/acerca-de-programa\/\">Formaci\u00f3n Docente en Investigaci\u00f3n Cient\u00edfica<\/a>, se reunieron en su habitual clase quincenal, esta vez, con el profesor Alan Maldonado, para definir los temas que van a investigar, para participar en las tres modalidades contempladas: ponencia (2 cupos), p\u00f3ster (4 cupos) y muestras de aprendizaje (4 cupos). \u201cAh\u00ed vamos a ver c\u00f3mo est\u00e1n ellos en cuanto a cu\u00e1les son sus fortalezas, y vamos a encausarlos en alguna de esas aristas, para que representen lo mejor posible a Magallanes y al programa ICEC de la Universidad de Magallanes\u201d, afirm\u00f3 el especialista en Indagaci\u00f3n Cient\u00edfica.<\/p>\n<p><img loading=\"lazy\" class=\"aligncenter wp-image-617 size-large\" src=\"http:\/\/icec.umag.cl\/wp-content\/uploads\/2018\/06\/IMG_5754-4-1024x576.jpg\" alt=\"\" width=\"1024\" height=\"576\" srcset=\"https:\/\/icec.umag.cl\/wp-content\/uploads\/2018\/06\/IMG_5754-4-1024x576.jpg 1024w, https:\/\/icec.umag.cl\/wp-content\/uploads\/2018\/06\/IMG_5754-4-300x169.jpg 300w, https:\/\/icec.umag.cl\/wp-content\/uploads\/2018\/06\/IMG_5754-4-768x432.jpg 768w\" sizes=\"(max-width: 1024px) 100vw, 1024px\" \/><\/p>\n<p style=\"text-align: left;\">\u00bfCu\u00e1l es el sello que se quiere dar a la participaci\u00f3n regional? \u201cEstamos enfoc\u00e1ndolo todo casi a problemas sociocient\u00edficos del entorno, y Magallanes como entorno natural. Por ejemplo, tenemos una alumna que est\u00e1 haciendo una pasant\u00eda, y est\u00e1 haciendo un trabajo con comunidades de algas y sus asociaciones en los sectores costeros de la regi\u00f3n, para obtener un producto final aplicable con los ni\u00f1os\u201d, explic\u00f3 el profesor Maldonado.<\/p>\n<p style=\"text-align: left;\"><strong>Avances de un trabajo iniciado en marzo<\/strong><\/p>\n<p style=\"text-align: left;\">Consultado respecto del impacto que este programa est\u00e1 generando en la promoci\u00f3n docente que participa este a\u00f1o en ICEC UMAG, Alan Maldonado expres\u00f3 que \u201csi est\u00e1n ac\u00e1 ya es por algo; ya nos dan una se\u00f1al de que se puede lograr algo en la educaci\u00f3n, y que ellos quieren luchar por ese algo y, en este caso, los directamente beneficiados van a ser los ni\u00f1os. Dedicar todo un s\u00e1bado cada 15 d\u00edas es para sacarse el sombrero, porque es su tiempo de familia\u201d, valor\u00f3 el acad\u00e9mico.<\/p>\n<div id=\"attachment_618\" style=\"width: 1034px\" class=\"wp-caption aligncenter\"><img aria-describedby=\"caption-attachment-618\" loading=\"lazy\" class=\"wp-image-618 size-large\" src=\"http:\/\/icec.umag.cl\/wp-content\/uploads\/2018\/06\/IMG_5743-2-1024x576.jpg\" alt=\"\" width=\"1024\" height=\"576\" srcset=\"https:\/\/icec.umag.cl\/wp-content\/uploads\/2018\/06\/IMG_5743-2-1024x576.jpg 1024w, https:\/\/icec.umag.cl\/wp-content\/uploads\/2018\/06\/IMG_5743-2-300x169.jpg 300w, https:\/\/icec.umag.cl\/wp-content\/uploads\/2018\/06\/IMG_5743-2-768x432.jpg 768w\" sizes=\"(max-width: 1024px) 100vw, 1024px\" \/><p id=\"caption-attachment-618\" class=\"wp-caption-text\">Profesor Alan Maldonado.<\/p><\/div>\n<p>&nbsp;<\/p>\n<p style=\"text-align: left;\">El programa tiene la finalidad de mejorar el aprendizaje de los ni\u00f1os, innovando en la ense\u00f1anza. Para Maldonado, se trata de algo a ratos \u201cut\u00f3pico, porque muchas veces chocamos contra el mismo sistema, y con las barreras que te colocan para poder sacar a los ni\u00f1os (\u2026) cuando tenemos un laboratorio natural espectacular\u201d.<\/p>\n<p style=\"text-align: left;\">No obstante, conf\u00eda en que estos profesores podr\u00e1n lograrlo en sus establecimientos, porque seg\u00fan cree \u201cya es una necesidad de (\u2026) toda la comunidad educativa, porque la mejor aula de aprendizaje est\u00e1 afuera y, a su vez, le va a dar los fundamentos que la sociedad te est\u00e1 exigiendo hoy d\u00eda como ciudadano, que es el cuidado de la biosfera, una opini\u00f3n argumentada en temas cient\u00edficos. \u00bfY d\u00f3nde ves eso? Lo ves afuera, no en cuatro paredes encarrado una hora y media\u201d, concluy\u00f3 el tambi\u00e9n coordinador acad\u00e9mico de ICEC UMAG.<\/p>\n<p style=\"text-align: left;\">\n","protected":false},"excerpt":{"rendered":"<p>&#8211; La idea es resaltar la caracter\u00edstica de laboratorio natural que la formaci\u00f3n escolar puede aprovechar en Magallanes. Entre el 22 y el 24 de agosto pr\u00f3ximo, en el Centro de Convenciones y Cultura del Hotel Galer\u00edas en Santiago de Chile, se realizar\u00e1 el\u00a0noveno Congreso\u00a0Nacional y Latinoamericano de Educaci\u00f3n en Ciencias, encuentro al cual asistir\u00e1&hellip; <br \/> <a class=\"read-more\" href=\"https:\/\/icec.umag.cl\/?p=615\">Leer m\u00e1s<\/a><\/p>\n","protected":false},"author":1,"featured_media":616,"comment_status":"open","ping_status":"open","sticky":false,"template":"","format":"standard","meta":[],"categories":[1],"tags":[],"_links":{"self":[{"href":"https:\/\/icec.umag.cl\/index.php?rest_route=\/wp\/v2\/posts\/615"}],"collection":[{"href":"https:\/\/icec.umag.cl\/index.php?rest_route=\/wp\/v2\/posts"}],"about":[{"href":"https:\/\/icec.umag.cl\/index.php?rest_route=\/wp\/v2\/types\/post"}],"author":[{"embeddable":true,"href":"https:\/\/icec.umag.cl\/index.php?rest_route=\/wp\/v2\/users\/1"}],"replies":[{"embeddable":true,"href":"https:\/\/icec.umag.cl\/index.php?rest_route=%2Fwp%2Fv2%2Fcomments&post=615"}],"version-history":[{"count":3,"href":"https:\/\/icec.umag.cl\/index.php?rest_route=\/wp\/v2\/posts\/615\/revisions"}],"predecessor-version":[{"id":621,"href":"https:\/\/icec.umag.cl\/index.php?rest_route=\/wp\/v2\/posts\/615\/revisions\/621"}],"wp:featuredmedia":[{"embeddable":true,"href":"https:\/\/icec.umag.cl\/index.php?rest_route=\/wp\/v2\/media\/616"}],"wp:attachment":[{"href":"https:\/\/icec.umag.cl\/index.php?rest_route=%2Fwp%2Fv2%2Fmedia&parent=615"}],"wp:term":[{"taxonomy":"category","embeddable":true,"href":"https:\/\/icec.umag.cl\/index.php?rest_route=%2Fwp%2Fv2%2Fcategories&post=615"},{"taxonomy":"post_tag","embeddable":true,"href":"https:\/\/icec.umag.cl\/index.php?rest_route=%2Fwp%2Fv2%2Ftags&post=615"}],"curies":[{"name":"wp","href":"https:\/\/api.w.org\/{rel}","templated":true}]}}