{"id":603,"date":"2018-06-16T01:11:39","date_gmt":"2018-06-16T01:11:39","guid":{"rendered":"http:\/\/icec.umag.cl\/?p=603"},"modified":"2018-06-16T01:15:40","modified_gmt":"2018-06-16T01:15:40","slug":"inician-segunda-etapa-de-comunidades-de-aprendizaje-ahora-a-disenar","status":"publish","type":"post","link":"https:\/\/icec.umag.cl\/?p=603","title":{"rendered":"Inician segunda etapa de comunidades de aprendizaje: ahora&#8230; \u00a1a construirlas!"},"content":{"rendered":"<p><img loading=\"lazy\" class=\"alignright size-full wp-image-605\" src=\"http:\/\/icec.umag.cl\/wp-content\/uploads\/2018\/06\/IMG_20180615_184306.jpg\" alt=\"\" width=\"4160\" height=\"3120\" srcset=\"https:\/\/icec.umag.cl\/wp-content\/uploads\/2018\/06\/IMG_20180615_184306.jpg 4160w, https:\/\/icec.umag.cl\/wp-content\/uploads\/2018\/06\/IMG_20180615_184306-300x225.jpg 300w, https:\/\/icec.umag.cl\/wp-content\/uploads\/2018\/06\/IMG_20180615_184306-768x576.jpg 768w, https:\/\/icec.umag.cl\/wp-content\/uploads\/2018\/06\/IMG_20180615_184306-1024x768.jpg 1024w\" sizes=\"(max-width: 4160px) 100vw, 4160px\" \/><\/p>\n<p>&nbsp;<\/p>\n<p>&nbsp;<\/p>\n<p>Primero, tuvieron una sesi\u00f3n de cocina molecular en el liceo Polit\u00e9cnico. Luego, visitaron el Museo de Historia Natural de R\u00edo Seco. Y, por \u00faltimo, conocieron el bus de la Fundaci\u00f3n Ecoscience. Suenan diferentes, pero cada uno de estos lugares tiene un denominador com\u00fan: despiertan el esp\u00edritu l\u00fadico.<\/p>\n<p>Para Lilian Toledo, profesora de Ciencias y coordinadora de las comunidades de aprendizaje del Programa ICEC UMAG 2018, la base fundamental de estas actividades que se realizan, quincenalmente, con un grupo promedio de 15 docentes de distintos niveles y establecimientos de Punta Arenas, \u201cha sido mostrarle y demostrarle a los colegas que, pese a la edad que tengamos, la ciencia necesita que volvamos a ser un poco ni\u00f1os, y disfrutemos, y nos repreguntemos qu\u00e9 estamos haciendo, por qu\u00e9 lo estamos haciendo y para qu\u00e9 lo estamos haciendo\u201d.<\/p>\n<p>Y ese aprendizaje es el que ahora les tocar\u00e1 aplicar, en la nueva etapa de las Comunidades de Aprendizaje, una de las herramientas a trav\u00e9s de las cuales el programa de Indagaci\u00f3n Cient\u00edfica en la Educaci\u00f3n de la Ciencia (ICEC) logra el intercambio de experiencias pedag\u00f3gicas y el trabajo colaborativo. Seg\u00fan Hilda Carrera, coordinadora de las Comunidades, \u201cahora queremos vivenciar las experiencias de ellos, frente a estas situaciones, para que, a partir de la pr\u00f3xima semana, nos dediquemos de lleno a f<\/p>\n<p>ormar las comunidades de aprendizaje ICEC de Magallanes\u201d. Esta tarea estar\u00e1 a cargo, fundamentalmente, de la profesora de Educaci\u00f3n General B\u00e1sica Andrea Lira, Mag\u00edster en Comunicaci\u00f3n, Computaci\u00f3n y Tecnolog\u00eda en Educaci\u00f3n, y Doctora en Curr\u00edculum y Ense\u00f1anza.<\/p>\n<p>Consultada por aquellos elementos que no pueden faltar a la hora de construir una comunidad de aprendizaje, Hilda enumer\u00f3 \u201cla disposici\u00f3n a presentar las propias experiencias, mirada cr\u00edtica, esp\u00edritu de innovaci\u00f3n, capacidad de generar redes, confianzas, v\u00ednculos con las instituciones que est\u00e1n prestando servicios cient\u00edficos educacionales. Aqu\u00ed est\u00e1 la clave\u201d, concluy\u00f3.<\/p>\n<p><img loading=\"lazy\" class=\"alignright size-full wp-image-604\" src=\"http:\/\/icec.umag.cl\/wp-content\/uploads\/2018\/06\/IMG_20180615_184429.jpg\" alt=\"\" width=\"4160\" height=\"3120\" srcset=\"https:\/\/icec.umag.cl\/wp-content\/uploads\/2018\/06\/IMG_20180615_184429.jpg 4160w, https:\/\/icec.umag.cl\/wp-content\/uploads\/2018\/06\/IMG_20180615_184429-300x225.jpg 300w, https:\/\/icec.umag.cl\/wp-content\/uploads\/2018\/06\/IMG_20180615_184429-768x576.jpg 768w, https:\/\/icec.umag.cl\/wp-content\/uploads\/2018\/06\/IMG_20180615_184429-1024x768.jpg 1024w\" sizes=\"(max-width: 4160px) 100vw, 4160px\" \/><\/p>\n","protected":false},"excerpt":{"rendered":"<p>&nbsp; &nbsp; Primero, tuvieron una sesi\u00f3n de cocina molecular en el liceo Polit\u00e9cnico. Luego, visitaron el Museo de Historia Natural de R\u00edo Seco. Y, por \u00faltimo, conocieron el bus de la Fundaci\u00f3n Ecoscience. Suenan diferentes, pero cada uno de estos lugares tiene un denominador com\u00fan: despiertan el esp\u00edritu l\u00fadico. Para Lilian Toledo, profesora de Ciencias&hellip; <br \/> <a class=\"read-more\" href=\"https:\/\/icec.umag.cl\/?p=603\">Leer m\u00e1s<\/a><\/p>\n","protected":false},"author":1,"featured_media":604,"comment_status":"open","ping_status":"open","sticky":false,"template":"","format":"standard","meta":[],"categories":[1],"tags":[],"_links":{"self":[{"href":"https:\/\/icec.umag.cl\/index.php?rest_route=\/wp\/v2\/posts\/603"}],"collection":[{"href":"https:\/\/icec.umag.cl\/index.php?rest_route=\/wp\/v2\/posts"}],"about":[{"href":"https:\/\/icec.umag.cl\/index.php?rest_route=\/wp\/v2\/types\/post"}],"author":[{"embeddable":true,"href":"https:\/\/icec.umag.cl\/index.php?rest_route=\/wp\/v2\/users\/1"}],"replies":[{"embeddable":true,"href":"https:\/\/icec.umag.cl\/index.php?rest_route=%2Fwp%2Fv2%2Fcomments&post=603"}],"version-history":[{"count":6,"href":"https:\/\/icec.umag.cl\/index.php?rest_route=\/wp\/v2\/posts\/603\/revisions"}],"predecessor-version":[{"id":611,"href":"https:\/\/icec.umag.cl\/index.php?rest_route=\/wp\/v2\/posts\/603\/revisions\/611"}],"wp:featuredmedia":[{"embeddable":true,"href":"https:\/\/icec.umag.cl\/index.php?rest_route=\/wp\/v2\/media\/604"}],"wp:attachment":[{"href":"https:\/\/icec.umag.cl\/index.php?rest_route=%2Fwp%2Fv2%2Fmedia&parent=603"}],"wp:term":[{"taxonomy":"category","embeddable":true,"href":"https:\/\/icec.umag.cl\/index.php?rest_route=%2Fwp%2Fv2%2Fcategories&post=603"},{"taxonomy":"post_tag","embeddable":true,"href":"https:\/\/icec.umag.cl\/index.php?rest_route=%2Fwp%2Fv2%2Ftags&post=603"}],"curies":[{"name":"wp","href":"https:\/\/api.w.org\/{rel}","templated":true}]}}