{"id":515,"date":"2018-05-29T21:18:50","date_gmt":"2018-05-29T21:18:50","guid":{"rendered":"http:\/\/icec.umag.cl\/?p=515"},"modified":"2018-05-30T05:43:28","modified_gmt":"2018-05-30T05:43:28","slug":"pasado-restaurado-futuro-asegurado","status":"publish","type":"post","link":"https:\/\/icec.umag.cl\/?p=515","title":{"rendered":"Pasado restaurado\u2026 futuro resguardado"},"content":{"rendered":"<p>&nbsp;<\/p>\n<p>El <a href=\"http:\/\/www.museodehistorianaturalrioseco.org\">Museo de Historia Natural de R\u00edo Seco<\/a> naci\u00f3 hace 5 a\u00f1os. Seg\u00fan el artista visual y secretario de la Asociaci\u00f3n de Investigadores del lugar, Miguel C\u00e1ceres, \u201csiempre ha sido un trabajo abierto a la comunidad, con actividades ligadas a la formaci\u00f3n y a la educaci\u00f3n\u201d. Partieron trabajando en una escuela y, despu\u00e9s de dos a\u00f1os, se ampliaron hacia ni\u00f1os y ni\u00f1as de toda la comuna en sus mismas instalaciones. Hoy cuentan con un programa pedag\u00f3gico anual, en una estructura de seminarios y talleres con expertos. \u201cEl Museo ha crecido r\u00e1pido, y ha expandido sus \u00e1reas de acci\u00f3n\u201d, agrega, \u201ccon el foco puesto en el desarrollo de las colecciones m\u00e1s representativas del patrimonio natural de la regi\u00f3n\u201d.<\/p>\n<div id=\"attachment_516\" style=\"width: 2058px\" class=\"wp-caption aligncenter\"><img aria-describedby=\"caption-attachment-516\" loading=\"lazy\" class=\"wp-image-516 size-full\" src=\"http:\/\/icec.umag.cl\/wp-content\/uploads\/2018\/05\/IMG_4264-38.jpg\" alt=\"\" width=\"2048\" height=\"1365\" srcset=\"https:\/\/icec.umag.cl\/wp-content\/uploads\/2018\/05\/IMG_4264-38.jpg 2048w, https:\/\/icec.umag.cl\/wp-content\/uploads\/2018\/05\/IMG_4264-38-300x200.jpg 300w, https:\/\/icec.umag.cl\/wp-content\/uploads\/2018\/05\/IMG_4264-38-768x512.jpg 768w, https:\/\/icec.umag.cl\/wp-content\/uploads\/2018\/05\/IMG_4264-38-1024x683.jpg 1024w\" sizes=\"(max-width: 2048px) 100vw, 2048px\" \/><p id=\"caption-attachment-516\" class=\"wp-caption-text\">Miguel y Aymara son parte de la Asociaci\u00f3n de Investigadores del Museo de Historia Natural de R\u00edo Seco.<\/p><\/div>\n<p>Para que estas colecciones duren, es necesario el trabajo de Aymara Zegers, artista visual con menci\u00f3n en escultura, a cargo de la restauraci\u00f3n. Hoy est\u00e1 dando la \u00faltima mano de limpieza y consolidaci\u00f3n a los huesos de una ballena que recolectaron en 2015, con un qu\u00edmico llamado paraloid, y comparte su experiencia a trav\u00e9s de esta entrevista.<\/p>\n<p>&nbsp;<\/p>\n<div id=\"attachment_522\" style=\"width: 650px\" class=\"wp-caption alignright\"><img aria-describedby=\"caption-attachment-522\" loading=\"lazy\" class=\"wp-image-522 size-amoteam-general\" src=\"http:\/\/icec.umag.cl\/wp-content\/uploads\/2018\/05\/IMG_4234-35-640x640.jpg\" alt=\"\" width=\"640\" height=\"640\" srcset=\"https:\/\/icec.umag.cl\/wp-content\/uploads\/2018\/05\/IMG_4234-35-640x640.jpg 640w, https:\/\/icec.umag.cl\/wp-content\/uploads\/2018\/05\/IMG_4234-35-150x150.jpg 150w, https:\/\/icec.umag.cl\/wp-content\/uploads\/2018\/05\/IMG_4234-35-250x250.jpg 250w\" sizes=\"(max-width: 640px) 100vw, 640px\" \/><p id=\"caption-attachment-522\" class=\"wp-caption-text\">Aymara Zegers es escultora y especialista en consolidaci\u00f3n de huesos de ballenas.<\/p><\/div>\n<p style=\"padding-left: 30px;\"><em>Y esto de la restauraci\u00f3n, \u00bfc\u00f3mo surge?<\/em><\/p>\n<p style=\"padding-left: 30px;\">O sea, b\u00e1sicamente, como escultora, siempre he estado metida en el tema de la tecnolog\u00eda material y, en alg\u00fan minuto de mi vida, se me pidi\u00f3 trabajar en r\u00e9plicas en el Museo de Historia Natural en Santiago. De hecho, fui parte del equipo de la restauraci\u00f3n del esqueleto de la ballena Greta que est\u00e1 en ese Museo.<\/p>\n<p style=\"padding-left: 30px;\"><em>\u00bfCu\u00e1l es el objetivo o el esp\u00edritu que est\u00e1 detr\u00e1s de la restauraci\u00f3n?<\/em><\/p>\n<p style=\"padding-left: 30px;\">La restauraci\u00f3n que hacemos en este Museo es distinta al resto. Por lo general, las m\u00e1s tradicionales consisten en homogeneizar la parte que no est\u00e1, volviendo a modelarla, por ejemplo, hacer el pedazo que no est\u00e1 en una resina de otro color. Por lo tanto, t\u00fa sabes que ese pedazo es falso. En este caso, ac\u00e1 se unen la idea de que se vea que lo que se restaur\u00f3 no pertenece al animal, pero que est\u00e1 hecho con huesos de otros animales. En este caso, utilizamos huesos de animales de ganader\u00eda, como caballos, vacas, ovejas. Entonces es una propuesta m\u00e1s conceptual en torno a la restauraci\u00f3n, y m\u00e1s ligada a las artes en ese sentido.<\/p>\n<p style=\"padding-left: 30px;\"><em>\u00bfT\u00fa de d\u00f3nde eres?<\/em><\/p>\n<p style=\"padding-left: 30px;\">Yo soy de Santiago.<\/p>\n<p style=\"padding-left: 30px;\"><em>\u00bfY qu\u00e9 sentido tiene para ti estar trabajando en esta zona tan austral, en este museo en particular, y con esta funci\u00f3n que est\u00e1s desarrollando?<\/em><\/p>\n<p style=\"padding-left: 30px;\">Para m\u00ed trabajar en este museo, b\u00e1sicamente, es un regalo, porque es un lugar totalmente permisivo en cuanto a la creatividad. Ac\u00e1 nosotros mismos ponemos las reglas, entonces nos permite investigar, y tambi\u00e9n encontrar nuevas soluciones que, si no existiera esa permisividad, no podr\u00edamos saber que existen. Entonces, como tiene un sentido creativo, de investigaci\u00f3n, incluso de aprender de los propios errores, abre el abanico de posibilidades de volver a repensar la museograf\u00eda y la historia natural.<\/p>\n<p>&nbsp;<\/p>\n<p>&nbsp;<\/p>\n<p><!--more--><\/p>\n<p style=\"padding-left: 30px;\"><strong>La primera restauraci\u00f3n de Aymara<\/strong><\/p>\n<div id=\"attachment_518\" style=\"width: 650px\" class=\"wp-caption alignleft\"><img aria-describedby=\"caption-attachment-518\" loading=\"lazy\" class=\"size-amoteam-general wp-image-518\" src=\"http:\/\/icec.umag.cl\/wp-content\/uploads\/2018\/05\/articles-5028_imagen_01.thumb_principal-640x355.jpg\" alt=\"\" width=\"640\" height=\"355\" \/><p id=\"caption-attachment-518\" class=\"wp-caption-text\">Greta se llama la ballena del MNHN, en honor a una mujer dedicada a la ciencia.<\/p><\/div>\n<p style=\"padding-left: 30px;\">El Museo Nacional de Historia Natural de Santiago, ha exhibido por casi 120 a\u00f1os en su Sal\u00f3n Central, el esqueleto de un ejemplar de ballena, que se ha convertido en el \u00edcono institucional del museo. Primero fue identificada como una ballena azul, luego como una ballena de aleta y recientes estudios indican que se trata de una<i>Baleonoptera\u00a0borealis\u00a0<\/i>(rorcual norte\u00f1o).<\/p>\n<p style=\"padding-left: 30px;\">Este esp\u00e9cimen var\u00f3 en Valpara\u00edso en abril de 1889; fue tra\u00eddo en tren y desde la estaci\u00f3n se traslad\u00f3 en carretas al edificio del Museo, en ese entonces dirigido por R.A. Philippi, quien gestion\u00f3 y destac\u00f3 la importancia de la adquisici\u00f3n. Seis a\u00f1os tard\u00f3 la preparaci\u00f3n y posterior montaje que finaliz\u00f3 en diciembre de 1895, realizado por Federico Albert. En principio fue instalada en el sector norte del sal\u00f3n central y 85 a\u00f1os despu\u00e9s, en 1980, fue trasladada a la mitad sur del mismo sal\u00f3n, lugar donde se emplaza majestuosamente hasta el d\u00eda de hoy.<\/p>\n<p style=\"padding-left: 30px;\">Desde noviembre de 2012 se iniciaron trabajos de conservaci\u00f3n y restauraci\u00f3n del esqueleto que, aparte de considerar la limpieza y reparaci\u00f3n de las 57 v\u00e9rtebras de la columna y reemplazo de piezas faltantes, inclu\u00eda la preparaci\u00f3n de una nueva museograf\u00eda.<\/p>\n<p style=\"padding-left: 30px;\"><i><span lang=\"ES-TRAD\"><a href=\"http:\/\/www.mnhn.cl\/sitio\/Contenido\/Noticias\/5225:GRETA-la-ballena-del-MNHN\">Fuente: Museo Nacional de Historia Natural<\/a><\/span><\/i><\/p>\n<p><!--more--><\/p>\n","protected":false},"excerpt":{"rendered":"<p>&nbsp; El Museo de Historia Natural de R\u00edo Seco naci\u00f3 hace 5 a\u00f1os. Seg\u00fan el artista visual y secretario de la Asociaci\u00f3n de Investigadores del lugar, Miguel C\u00e1ceres, \u201csiempre ha sido un trabajo abierto a la comunidad, con actividades ligadas a la formaci\u00f3n y a la educaci\u00f3n\u201d. Partieron trabajando en una escuela y, despu\u00e9s de&hellip; <br \/> <a class=\"read-more\" href=\"https:\/\/icec.umag.cl\/?p=515\">Leer m\u00e1s<\/a><\/p>\n","protected":false},"author":1,"featured_media":525,"comment_status":"open","ping_status":"open","sticky":false,"template":"","format":"standard","meta":[],"categories":[1],"tags":[],"_links":{"self":[{"href":"https:\/\/icec.umag.cl\/index.php?rest_route=\/wp\/v2\/posts\/515"}],"collection":[{"href":"https:\/\/icec.umag.cl\/index.php?rest_route=\/wp\/v2\/posts"}],"about":[{"href":"https:\/\/icec.umag.cl\/index.php?rest_route=\/wp\/v2\/types\/post"}],"author":[{"embeddable":true,"href":"https:\/\/icec.umag.cl\/index.php?rest_route=\/wp\/v2\/users\/1"}],"replies":[{"embeddable":true,"href":"https:\/\/icec.umag.cl\/index.php?rest_route=%2Fwp%2Fv2%2Fcomments&post=515"}],"version-history":[{"count":8,"href":"https:\/\/icec.umag.cl\/index.php?rest_route=\/wp\/v2\/posts\/515\/revisions"}],"predecessor-version":[{"id":527,"href":"https:\/\/icec.umag.cl\/index.php?rest_route=\/wp\/v2\/posts\/515\/revisions\/527"}],"wp:featuredmedia":[{"embeddable":true,"href":"https:\/\/icec.umag.cl\/index.php?rest_route=\/wp\/v2\/media\/525"}],"wp:attachment":[{"href":"https:\/\/icec.umag.cl\/index.php?rest_route=%2Fwp%2Fv2%2Fmedia&parent=515"}],"wp:term":[{"taxonomy":"category","embeddable":true,"href":"https:\/\/icec.umag.cl\/index.php?rest_route=%2Fwp%2Fv2%2Fcategories&post=515"},{"taxonomy":"post_tag","embeddable":true,"href":"https:\/\/icec.umag.cl\/index.php?rest_route=%2Fwp%2Fv2%2Ftags&post=515"}],"curies":[{"name":"wp","href":"https:\/\/api.w.org\/{rel}","templated":true}]}}