{"id":399,"date":"2018-04-16T12:21:47","date_gmt":"2018-04-16T12:21:47","guid":{"rendered":"http:\/\/icec.umag.cl\/?p=399"},"modified":"2018-05-13T23:53:39","modified_gmt":"2018-05-13T23:53:39","slug":"399","status":"publish","type":"post","link":"https:\/\/icec.umag.cl\/?p=399","title":{"rendered":"Reuni\u00f3n de planificaci\u00f3n anual ICEC 2018"},"content":{"rendered":"<p>El jueves 12 y viernes 13 de abril, el equipo de coordinaci\u00f3n ICEC-UMAG particip\u00f3 de la reuni\u00f3n de planificaci\u00f3n anual, organizada en el contexto del programa. A esta jornada de trabajo, asistieron los profesionales de la mayor\u00eda de las universidades que ejecutan el curso, quienes compartieron experiencias y se mostraron dispuestos a colaborar en instancias formativas. Asimismo, se reafirmaron los objetivos del curso y se reflexion\u00f3 en torno a los nuevas l\u00edneas de acci\u00f3n del programa.<\/p>\n<p><img loading=\"lazy\" class=\"aligncenter wp-image-406 size-medium\" src=\"http:\/\/icec.umag.cl\/wp-content\/uploads\/2018\/04\/IMG_0387-300x225.jpg\" alt=\"\" width=\"300\" height=\"225\" srcset=\"https:\/\/icec.umag.cl\/wp-content\/uploads\/2018\/04\/IMG_0387-300x225.jpg 300w, https:\/\/icec.umag.cl\/wp-content\/uploads\/2018\/04\/IMG_0387.jpg 640w\" sizes=\"(max-width: 300px) 100vw, 300px\" \/>\u00a0<img loading=\"lazy\" class=\"aligncenter wp-image-401 size-medium\" src=\"http:\/\/icec.umag.cl\/wp-content\/uploads\/2018\/04\/IMG_0390-300x225.jpg\" alt=\"\" width=\"300\" height=\"225\" srcset=\"https:\/\/icec.umag.cl\/wp-content\/uploads\/2018\/04\/IMG_0390-300x225.jpg 300w, https:\/\/icec.umag.cl\/wp-content\/uploads\/2018\/04\/IMG_0390.jpg 640w\" sizes=\"(max-width: 300px) 100vw, 300px\" \/> <img loading=\"lazy\" class=\"aligncenter wp-image-402 size-medium\" src=\"http:\/\/icec.umag.cl\/wp-content\/uploads\/2018\/04\/IMG_0392-300x225.jpg\" alt=\"\" width=\"300\" height=\"225\" srcset=\"https:\/\/icec.umag.cl\/wp-content\/uploads\/2018\/04\/IMG_0392-300x225.jpg 300w, https:\/\/icec.umag.cl\/wp-content\/uploads\/2018\/04\/IMG_0392.jpg 640w\" sizes=\"(max-width: 300px) 100vw, 300px\" \/> <img loading=\"lazy\" class=\"aligncenter wp-image-403 size-medium\" src=\"http:\/\/icec.umag.cl\/wp-content\/uploads\/2018\/04\/IMG_0393-300x225.jpg\" alt=\"\" width=\"300\" height=\"225\" srcset=\"https:\/\/icec.umag.cl\/wp-content\/uploads\/2018\/04\/IMG_0393-300x225.jpg 300w, https:\/\/icec.umag.cl\/wp-content\/uploads\/2018\/04\/IMG_0393.jpg 640w\" sizes=\"(max-width: 300px) 100vw, 300px\" \/> <img loading=\"lazy\" class=\"aligncenter wp-image-404 size-medium\" src=\"http:\/\/icec.umag.cl\/wp-content\/uploads\/2018\/04\/IMG_0395-300x225.jpg\" alt=\"\" width=\"300\" height=\"225\" srcset=\"https:\/\/icec.umag.cl\/wp-content\/uploads\/2018\/04\/IMG_0395-300x225.jpg 300w, https:\/\/icec.umag.cl\/wp-content\/uploads\/2018\/04\/IMG_0395.jpg 640w\" sizes=\"(max-width: 300px) 100vw, 300px\" \/> <img loading=\"lazy\" class=\"aligncenter wp-image-405 size-medium\" src=\"http:\/\/icec.umag.cl\/wp-content\/uploads\/2018\/04\/IMG_0397-300x225.jpg\" alt=\"\" width=\"300\" height=\"225\" srcset=\"https:\/\/icec.umag.cl\/wp-content\/uploads\/2018\/04\/IMG_0397-300x225.jpg 300w, https:\/\/icec.umag.cl\/wp-content\/uploads\/2018\/04\/IMG_0397.jpg 640w\" sizes=\"(max-width: 300px) 100vw, 300px\" \/><\/p>\n","protected":false},"excerpt":{"rendered":"<p>El jueves 12 y viernes 13 de abril, el equipo de coordinaci\u00f3n ICEC-UMAG particip\u00f3 de la reuni\u00f3n de planificaci\u00f3n anual, organizada en el contexto del programa. A esta jornada de trabajo, asistieron los profesionales de la mayor\u00eda de las universidades que ejecutan el curso, quienes compartieron experiencias y se mostraron dispuestos a colaborar en instancias&hellip; <br \/> <a class=\"read-more\" href=\"https:\/\/icec.umag.cl\/?p=399\">Leer m\u00e1s<\/a><\/p>\n","protected":false},"author":1,"featured_media":406,"comment_status":"open","ping_status":"open","sticky":false,"template":"","format":"standard","meta":[],"categories":[1],"tags":[],"_links":{"self":[{"href":"https:\/\/icec.umag.cl\/index.php?rest_route=\/wp\/v2\/posts\/399"}],"collection":[{"href":"https:\/\/icec.umag.cl\/index.php?rest_route=\/wp\/v2\/posts"}],"about":[{"href":"https:\/\/icec.umag.cl\/index.php?rest_route=\/wp\/v2\/types\/post"}],"author":[{"embeddable":true,"href":"https:\/\/icec.umag.cl\/index.php?rest_route=\/wp\/v2\/users\/1"}],"replies":[{"embeddable":true,"href":"https:\/\/icec.umag.cl\/index.php?rest_route=%2Fwp%2Fv2%2Fcomments&post=399"}],"version-history":[{"count":7,"href":"https:\/\/icec.umag.cl\/index.php?rest_route=\/wp\/v2\/posts\/399\/revisions"}],"predecessor-version":[{"id":488,"href":"https:\/\/icec.umag.cl\/index.php?rest_route=\/wp\/v2\/posts\/399\/revisions\/488"}],"wp:featuredmedia":[{"embeddable":true,"href":"https:\/\/icec.umag.cl\/index.php?rest_route=\/wp\/v2\/media\/406"}],"wp:attachment":[{"href":"https:\/\/icec.umag.cl\/index.php?rest_route=%2Fwp%2Fv2%2Fmedia&parent=399"}],"wp:term":[{"taxonomy":"category","embeddable":true,"href":"https:\/\/icec.umag.cl\/index.php?rest_route=%2Fwp%2Fv2%2Fcategories&post=399"},{"taxonomy":"post_tag","embeddable":true,"href":"https:\/\/icec.umag.cl\/index.php?rest_route=%2Fwp%2Fv2%2Ftags&post=399"}],"curies":[{"name":"wp","href":"https:\/\/api.w.org\/{rel}","templated":true}]}}