{"id":392,"date":"2018-03-29T13:55:54","date_gmt":"2018-03-29T13:55:54","guid":{"rendered":"http:\/\/icec.umag.cl\/?p=392"},"modified":"2018-05-13T23:44:20","modified_gmt":"2018-05-13T23:44:20","slug":"icec-umag-se-vincula-con-el-laboratorio-movil-de-la-fundacion-ecoscience","status":"publish","type":"post","link":"https:\/\/icec.umag.cl\/?p=392","title":{"rendered":"ICEC- UMAG se vincula con el laboratorio m\u00f3vil de la fundaci\u00f3n ECOSCIENCE"},"content":{"rendered":"<p>El equipo de coordinaci\u00f3n de ICEC- UMAG, sostuvo una reuni\u00f3n con\u00a0Francisca Gazit\u00faa, encargada del laboratorio m\u00f3vil de la fundaci\u00f3n \u00abECOSCIENCIE\u00bb en la regi\u00f3n de Magallanes.<\/p>\n<p>El objetivo del encuentro fue estrechar lazos de colaboraci\u00f3n para trabajar en conjunto\u00a0 ciertas acciones que puedan favorecer tanto al programa ICEC como a la fundaci\u00f3n, ya que el foco de \u00e9sta es la educaci\u00f3n en ciencias con una mirada indagatoria.<\/p>\n<p>&nbsp;<\/p>\n","protected":false},"excerpt":{"rendered":"<p>El equipo de coordinaci\u00f3n de ICEC- UMAG, sostuvo una reuni\u00f3n con\u00a0Francisca Gazit\u00faa, encargada del laboratorio m\u00f3vil de la fundaci\u00f3n \u00abECOSCIENCIE\u00bb en la regi\u00f3n de Magallanes. El objetivo del encuentro fue estrechar lazos de colaboraci\u00f3n para trabajar en conjunto\u00a0 ciertas acciones que puedan favorecer tanto al programa ICEC como a la fundaci\u00f3n, ya que el foco&hellip; <br \/> <a class=\"read-more\" href=\"https:\/\/icec.umag.cl\/?p=392\">Leer m\u00e1s<\/a><\/p>\n","protected":false},"author":1,"featured_media":393,"comment_status":"open","ping_status":"open","sticky":false,"template":"","format":"standard","meta":[],"categories":[1],"tags":[],"_links":{"self":[{"href":"https:\/\/icec.umag.cl\/index.php?rest_route=\/wp\/v2\/posts\/392"}],"collection":[{"href":"https:\/\/icec.umag.cl\/index.php?rest_route=\/wp\/v2\/posts"}],"about":[{"href":"https:\/\/icec.umag.cl\/index.php?rest_route=\/wp\/v2\/types\/post"}],"author":[{"embeddable":true,"href":"https:\/\/icec.umag.cl\/index.php?rest_route=\/wp\/v2\/users\/1"}],"replies":[{"embeddable":true,"href":"https:\/\/icec.umag.cl\/index.php?rest_route=%2Fwp%2Fv2%2Fcomments&post=392"}],"version-history":[{"count":6,"href":"https:\/\/icec.umag.cl\/index.php?rest_route=\/wp\/v2\/posts\/392\/revisions"}],"predecessor-version":[{"id":484,"href":"https:\/\/icec.umag.cl\/index.php?rest_route=\/wp\/v2\/posts\/392\/revisions\/484"}],"wp:featuredmedia":[{"embeddable":true,"href":"https:\/\/icec.umag.cl\/index.php?rest_route=\/wp\/v2\/media\/393"}],"wp:attachment":[{"href":"https:\/\/icec.umag.cl\/index.php?rest_route=%2Fwp%2Fv2%2Fmedia&parent=392"}],"wp:term":[{"taxonomy":"category","embeddable":true,"href":"https:\/\/icec.umag.cl\/index.php?rest_route=%2Fwp%2Fv2%2Fcategories&post=392"},{"taxonomy":"post_tag","embeddable":true,"href":"https:\/\/icec.umag.cl\/index.php?rest_route=%2Fwp%2Fv2%2Ftags&post=392"}],"curies":[{"name":"wp","href":"https:\/\/api.w.org\/{rel}","templated":true}]}}