{"id":184,"date":"2018-01-20T18:28:24","date_gmt":"2018-01-20T18:28:24","guid":{"rendered":"http:\/\/icec.umag.cl\/?p=184"},"modified":"2018-05-13T23:10:55","modified_gmt":"2018-05-13T23:10:55","slug":"jornada-laboral-icec","status":"publish","type":"post","link":"https:\/\/icec.umag.cl\/?p=184","title":{"rendered":"Equipo ICEC-UMAG sostiene jornada laboral con coordinador nacional"},"content":{"rendered":"<p>Con \u00e9xito culmin\u00f3 la jornada de trabajo que sostuvo el equipo ICEC, oportunidad que cont\u00f3 con la visita de Edgard Hern\u00e1ndez, coordinador acad\u00e9mico nacional del programa del Mineduc ejecutado por el Departamento de Educaci\u00f3n de la Universidad de Magallanes.<\/p>\n","protected":false},"excerpt":{"rendered":"<p>Con \u00e9xito culmin\u00f3 la jornada de trabajo que sostuvo el equipo ICEC, oportunidad que cont\u00f3 con la visita de Edgard Hern\u00e1ndez, coordinador acad\u00e9mico nacional del programa del Mineduc ejecutado por el Departamento de Educaci\u00f3n de la Universidad de Magallanes.<\/p>\n","protected":false},"author":1,"featured_media":126,"comment_status":"open","ping_status":"open","sticky":false,"template":"","format":"standard","meta":[],"categories":[9],"tags":[],"_links":{"self":[{"href":"https:\/\/icec.umag.cl\/index.php?rest_route=\/wp\/v2\/posts\/184"}],"collection":[{"href":"https:\/\/icec.umag.cl\/index.php?rest_route=\/wp\/v2\/posts"}],"about":[{"href":"https:\/\/icec.umag.cl\/index.php?rest_route=\/wp\/v2\/types\/post"}],"author":[{"embeddable":true,"href":"https:\/\/icec.umag.cl\/index.php?rest_route=\/wp\/v2\/users\/1"}],"replies":[{"embeddable":true,"href":"https:\/\/icec.umag.cl\/index.php?rest_route=%2Fwp%2Fv2%2Fcomments&post=184"}],"version-history":[{"count":4,"href":"https:\/\/icec.umag.cl\/index.php?rest_route=\/wp\/v2\/posts\/184\/revisions"}],"predecessor-version":[{"id":471,"href":"https:\/\/icec.umag.cl\/index.php?rest_route=\/wp\/v2\/posts\/184\/revisions\/471"}],"wp:featuredmedia":[{"embeddable":true,"href":"https:\/\/icec.umag.cl\/index.php?rest_route=\/wp\/v2\/media\/126"}],"wp:attachment":[{"href":"https:\/\/icec.umag.cl\/index.php?rest_route=%2Fwp%2Fv2%2Fmedia&parent=184"}],"wp:term":[{"taxonomy":"category","embeddable":true,"href":"https:\/\/icec.umag.cl\/index.php?rest_route=%2Fwp%2Fv2%2Fcategories&post=184"},{"taxonomy":"post_tag","embeddable":true,"href":"https:\/\/icec.umag.cl\/index.php?rest_route=%2Fwp%2Fv2%2Ftags&post=184"}],"curies":[{"name":"wp","href":"https:\/\/api.w.org\/{rel}","templated":true}]}}