{"id":1218,"date":"2020-06-12T20:04:24","date_gmt":"2020-06-12T20:04:24","guid":{"rendered":"http:\/\/icec.umag.cl\/?p=1218"},"modified":"2020-08-25T23:06:54","modified_gmt":"2020-08-25T23:06:54","slug":"charlas-sociocientificas-reuniran-a-investigadores-y-la-comunidad-en-torno-a-la-educacion-en-ciencias","status":"publish","type":"post","link":"https:\/\/icec.umag.cl\/?p=1218","title":{"rendered":"Charlas sociocient\u00edficas reunir\u00e1n a investigadores y la comunidad en torno a la educaci\u00f3n en ciencias"},"content":{"rendered":"<p>&nbsp;<\/p>\n<p style=\"text-align: left;\">A partir de este s\u00e1bado 13 de junio, a las 19.00 horas de Magallanes, el Programa de Indagaci\u00f3n Cient\u00edfica para la Educaci\u00f3n en Ciencias (ICEC), ejecutado por la Universidad de Magallanes (UMAG), arrancar\u00e1 con un ciclo de charlas sociocient\u00edficas en modalidad online que estar\u00e1n abiertas a toda la comunidad, previa inscripci\u00f3n en el sitio web icec.umag.cl\/charlas.<\/p>\n<p style=\"text-align: left;\">Abrir\u00e1 este espacio de conversaci\u00f3n, la Bi\u00f3loga Marina Ver\u00f3nica Aros Navarro, candidata a Mag\u00edster en Ciencias de la Universidad de Magallanes y oriunda de Chilo\u00e9, quien se ha dedicado al estudio de la fauna ant\u00e1rtica enfocada en herramientas moleculares. Actualmente, trabaja como editora cient\u00edfica en el diario La Voz de Maip\u00fa. \u201cMe considero una comunicadora cient\u00edfica, contribuyendo con un granito de arena a acercar la ciencia a todas y todos\u201d, manifest\u00f3.<\/p>\n<p style=\"text-align: left;\">El objetivo fundamental de esta iniciativa es generar espacios de encuentro y discusi\u00f3n en temas sociocient\u00edficos\u00a0relacionados a la educaci\u00f3n en ciencias, respondiendo as\u00ed a uno de los hitos de trabajo de ICEC UMAG, que es favorecer el encuentro entre cient\u00edficos, la comunidad y las y los profesores participantes del programa.<\/p>\n<p style=\"text-align: left;\">En total, ser\u00e1n cinco charlas donde se abordar\u00e1n temas como PCR y Covid, Sustentabilidad y Medio Ambiente en sala cuna y educaci\u00f3n preescolar,\u00a0 quehacer del Centro de Investigaci\u00f3n Cient\u00edfica y Escolar de Chile (CICE), entre otros.<\/p>\n<p style=\"text-align: left;\">La informaci\u00f3n ser\u00e1 compartida y actualizada en las redes sociales de ICEC UMAG: @ICEC_UMAG (Twitter), ICEC \u2013 Universidad de Magallanes (Facebook) y @icecumag (Instagram).<\/p>\n<p><img loading=\"lazy\" class=\"aligncenter wp-image-1219 size-large\" src=\"http:\/\/icec.umag.cl\/wp-content\/uploads\/2020\/06\/RRSS_corregido-768x1024.png\" alt=\"\" width=\"768\" height=\"1024\" srcset=\"https:\/\/icec.umag.cl\/wp-content\/uploads\/2020\/06\/RRSS_corregido-768x1024.png 768w, https:\/\/icec.umag.cl\/wp-content\/uploads\/2020\/06\/RRSS_corregido-225x300.png 225w, https:\/\/icec.umag.cl\/wp-content\/uploads\/2020\/06\/RRSS_corregido-1024x1365.png 1024w, https:\/\/icec.umag.cl\/wp-content\/uploads\/2020\/06\/RRSS_corregido.png 1600w\" sizes=\"(max-width: 768px) 100vw, 768px\" \/><\/p>\n","protected":false},"excerpt":{"rendered":"<p>&nbsp; A partir de este s\u00e1bado 13 de junio, a las 19.00 horas de Magallanes, el Programa de Indagaci\u00f3n Cient\u00edfica para la Educaci\u00f3n en Ciencias (ICEC), ejecutado por la Universidad de Magallanes (UMAG), arrancar\u00e1 con un ciclo de charlas sociocient\u00edficas en modalidad online que estar\u00e1n abiertas a toda la comunidad, previa inscripci\u00f3n en el sitio&hellip; <br \/> <a class=\"read-more\" href=\"https:\/\/icec.umag.cl\/?p=1218\">Leer m\u00e1s<\/a><\/p>\n","protected":false},"author":1,"featured_media":1219,"comment_status":"open","ping_status":"open","sticky":false,"template":"","format":"standard","meta":[],"categories":[21,1],"tags":[],"_links":{"self":[{"href":"https:\/\/icec.umag.cl\/index.php?rest_route=\/wp\/v2\/posts\/1218"}],"collection":[{"href":"https:\/\/icec.umag.cl\/index.php?rest_route=\/wp\/v2\/posts"}],"about":[{"href":"https:\/\/icec.umag.cl\/index.php?rest_route=\/wp\/v2\/types\/post"}],"author":[{"embeddable":true,"href":"https:\/\/icec.umag.cl\/index.php?rest_route=\/wp\/v2\/users\/1"}],"replies":[{"embeddable":true,"href":"https:\/\/icec.umag.cl\/index.php?rest_route=%2Fwp%2Fv2%2Fcomments&post=1218"}],"version-history":[{"count":1,"href":"https:\/\/icec.umag.cl\/index.php?rest_route=\/wp\/v2\/posts\/1218\/revisions"}],"predecessor-version":[{"id":1220,"href":"https:\/\/icec.umag.cl\/index.php?rest_route=\/wp\/v2\/posts\/1218\/revisions\/1220"}],"wp:featuredmedia":[{"embeddable":true,"href":"https:\/\/icec.umag.cl\/index.php?rest_route=\/wp\/v2\/media\/1219"}],"wp:attachment":[{"href":"https:\/\/icec.umag.cl\/index.php?rest_route=%2Fwp%2Fv2%2Fmedia&parent=1218"}],"wp:term":[{"taxonomy":"category","embeddable":true,"href":"https:\/\/icec.umag.cl\/index.php?rest_route=%2Fwp%2Fv2%2Fcategories&post=1218"},{"taxonomy":"post_tag","embeddable":true,"href":"https:\/\/icec.umag.cl\/index.php?rest_route=%2Fwp%2Fv2%2Ftags&post=1218"}],"curies":[{"name":"wp","href":"https:\/\/api.w.org\/{rel}","templated":true}]}}