{"id":1176,"date":"2020-04-20T20:08:31","date_gmt":"2020-04-20T20:08:31","guid":{"rendered":"http:\/\/icec.umag.cl\/?p=1176"},"modified":"2020-04-20T20:08:31","modified_gmt":"2020-04-20T20:08:31","slug":"programa-icec-umag-continua-con-su-ciclo-de-formacion-totalmente-online","status":"publish","type":"post","link":"https:\/\/icec.umag.cl\/?p=1176","title":{"rendered":"Programa ICEC UMAG contin\u00faa con su ciclo de formaci\u00f3n totalmente online"},"content":{"rendered":"<div id=\"attachment_1177\" style=\"width: 1450px\" class=\"wp-caption aligncenter\"><img aria-describedby=\"caption-attachment-1177\" loading=\"lazy\" class=\"wp-image-1177 size-full\" src=\"http:\/\/icec.umag.cl\/wp-content\/uploads\/2020\/04\/Captura-de-Pantalla-2020-04-18-a-las-15.06.30.png\" alt=\"\" width=\"1440\" height=\"900\" srcset=\"https:\/\/icec.umag.cl\/wp-content\/uploads\/2020\/04\/Captura-de-Pantalla-2020-04-18-a-las-15.06.30.png 1440w, https:\/\/icec.umag.cl\/wp-content\/uploads\/2020\/04\/Captura-de-Pantalla-2020-04-18-a-las-15.06.30-300x188.png 300w, https:\/\/icec.umag.cl\/wp-content\/uploads\/2020\/04\/Captura-de-Pantalla-2020-04-18-a-las-15.06.30-768x480.png 768w, https:\/\/icec.umag.cl\/wp-content\/uploads\/2020\/04\/Captura-de-Pantalla-2020-04-18-a-las-15.06.30-1024x640.png 1024w\" sizes=\"(max-width: 1440px) 100vw, 1440px\" \/><p id=\"caption-attachment-1177\" class=\"wp-caption-text\">A trav\u00e9s de la plataforma Meet de Google, en la clase del 18 de abril correspondiente a Curr\u00edculum en Ciencias, 32 profesores\/as participantes de dicha clase, interactuaron bajo el modelo de un recurso grabado que conduc\u00eda a actividades de reflexi\u00f3n.<\/p><\/div>\n<p style=\"text-align: left;\">Al igual que el sistema educativo en general, el Programa ICEC (Indagaci\u00f3n Cient\u00edfica para la Educaci\u00f3n en Ciencias) del Mineduc ejecutado por la Universidad de Magallanes (UMAG), ha debido adaptarse a las circunstancias actuales generadas por la pandemia del Covid-19, dando continuidad hoy, a su ciclo de formaci\u00f3n 2020, a trav\u00e9s de una modalidad cien por ciento online.<\/p>\n<p style=\"text-align: left;\">Pablo Gonz\u00e1lez y Alan Maldonado, profesionales del equipo ejecutor del Programa en la UMAG, cuentan que el traspaso a distancia de las actividades acad\u00e9micas ICEC con los docentes de Punta Arenas y Puerto Natales que participan en esta versi\u00f3n, no ha significado mayores dificultades para el proceso, sino m\u00e1s bien una oportunidad cuyo fin es contribuir a fortalecer los procesos educativos virtuales.<\/p>\n<p style=\"text-align: left;\">\u201cEsto nos demuestra que los procesos de ense\u00f1anza-aprendizaje son totalmente din\u00e1micos y maleables en el sentido que, como profesionales de la educaci\u00f3n, debemos adaptarnos a los cambios sociales, primero; para dar continuidad a los procesos educativos y; segundo, si hablamos de una sociedad tecnol\u00f3gica, debemos aprovechar dichas herramientas que se han gestado en la sociedad del \u2018conocimiento\u2019\u201d, indican.<\/p>\n<p style=\"text-align: left;\">De esta manera, la planificaci\u00f3n original sigue su curso, reemplaz\u00e1ndose as\u00ed las clases presenciales de los d\u00edas s\u00e1bados, a interacciones online mediante dos v\u00edas: <strong>Webcast o clases en vivo<\/strong> sobre las unidades que corresponden al cronograma y; <strong>C\u00e1psulas de Video,<\/strong> a implementar en algunos contenidos del curso, donde el acad\u00e9mico o acad\u00e9mica responsable de la unidad graba o narra contenidos que llevan a actividades espec\u00edficas seg\u00fan los objetivos del programa.<\/p>\n<div id=\"attachment_1179\" style=\"width: 1450px\" class=\"wp-caption aligncenter\"><img aria-describedby=\"caption-attachment-1179\" loading=\"lazy\" class=\"wp-image-1179 size-full\" src=\"http:\/\/icec.umag.cl\/wp-content\/uploads\/2020\/04\/Captura-de-Pantalla-2020-04-19-a-las-18.54.42.png\" alt=\"\" width=\"1440\" height=\"900\" srcset=\"https:\/\/icec.umag.cl\/wp-content\/uploads\/2020\/04\/Captura-de-Pantalla-2020-04-19-a-las-18.54.42.png 1440w, https:\/\/icec.umag.cl\/wp-content\/uploads\/2020\/04\/Captura-de-Pantalla-2020-04-19-a-las-18.54.42-300x188.png 300w, https:\/\/icec.umag.cl\/wp-content\/uploads\/2020\/04\/Captura-de-Pantalla-2020-04-19-a-las-18.54.42-768x480.png 768w, https:\/\/icec.umag.cl\/wp-content\/uploads\/2020\/04\/Captura-de-Pantalla-2020-04-19-a-las-18.54.42-1024x640.png 1024w\" sizes=\"(max-width: 1440px) 100vw, 1440px\" \/><p id=\"caption-attachment-1179\" class=\"wp-caption-text\">El docente Alan Maldonado les explica la metodolog\u00eda de trabajo a distancia a las y los participantes.<\/p><\/div>\n<p style=\"text-align: left;\">\u201cEstas son medidas que s\u00f3lo se refieren a estrategias para trabajar los contenidos y objetivos destinados a la presencialidad, ya que la ventaja que nosotros tenemos como Programa es que el curso siempre tuvo un componente de trabajo virtual, por ende, s\u00f3lo nos correspond\u00eda virtualizar una parte de los contenidos\u201d, aclara Gonz\u00e1lez, informando que, en la primera clase a distancia, a principios de abril, particip\u00f3 el 90% de los\/as profesores\/as, lo que se ha mantenido en promedio hasta la fecha.<\/p>\n<p style=\"text-align: left;\">En este contexto, se\u00f1alan que como equipo ICEC UMAG valoran la retroalimentaci\u00f3n positiva que han recibido de los\/as educadores\/as frente a este cambio y, ahora, la tarea es \u201cbuscar nuevas estrategias \u2013agregan- para apoyar de manera m\u00e1s personalizada el proceso de aprendizaje de los\/as participantes, por lo cual esperamos sumar m\u00e1s tutores virtuales, que se encarguen de acompa\u00f1arlos\/as en el desarrollo de todas sus actividades\u201d.<\/p>\n<p style=\"text-align: left;\"><strong>Di\u00e1logo con establecimientos<\/strong><\/p>\n<p style=\"text-align: left;\">Seg\u00fan lo proyectado, una las actividades presenciales que arrancar\u00edan este semestre con el fin de generar un di\u00e1logo m\u00e1s permanente y colaborativo con las comunidades educativas de los establecimientos que tienen profesores\/as pertenecientes al Programa ICEC UMAG, ser\u00eda un ciclo de reuniones con directivos de colegios y escuelas de Punta Arenas \u2013en primera instancia- que permitiera generar esta sinergia.<\/p>\n<p style=\"text-align: left;\">Al respecto, Pablo Gonz\u00e1lez, inform\u00f3 que, a ra\u00edz de la contingencia, se tom\u00f3 la estrategia de enviar informativos v\u00eda mail a cada director\/a e invitar a reuniones online a quienes quisieran tener m\u00e1s informaci\u00f3n del trabajo del curso, al mismo tiempo que buscar estrategias colaborativas en favor de la comunidad educativa.<\/p>\n<p style=\"text-align: left;\">Con todo esto, remarca el profesional, \u201cse busca que en el colegio tengan conocimiento del trabajo de ICEC, del impacto de la indagaci\u00f3n cient\u00edfica como estrategia educativa y de los Proyectos de Innovaci\u00f3n Pedag\u00f3gica que cada profesor elaborar\u00e1 y buscar\u00e1 implementar en su colegio. La idea es gestionar o motivar la colaboraci\u00f3n entre las distintas entidades de un colegio para implementar ideas educativas novedosas que requieren muchas veces de voluntades y esfuerzos colectivos, con un objetivo en com\u00fan que es impactar en mejorar la calidad de los procesos educativos de los estudiantes\u201d.<\/p>\n<p style=\"text-align: left;\">\n<p style=\"text-align: left;\">\n<p style=\"text-align: left;\">\n","protected":false},"excerpt":{"rendered":"<p>Al igual que el sistema educativo en general, el Programa ICEC (Indagaci\u00f3n Cient\u00edfica para la Educaci\u00f3n en Ciencias) del Mineduc ejecutado por la Universidad de Magallanes (UMAG), ha debido adaptarse a las circunstancias actuales generadas por la pandemia del Covid-19, dando continuidad hoy, a su ciclo de formaci\u00f3n 2020, a trav\u00e9s de una modalidad cien&hellip; <br \/> <a class=\"read-more\" href=\"https:\/\/icec.umag.cl\/?p=1176\">Leer m\u00e1s<\/a><\/p>\n","protected":false},"author":1,"featured_media":1177,"comment_status":"open","ping_status":"open","sticky":false,"template":"","format":"standard","meta":[],"categories":[1],"tags":[],"_links":{"self":[{"href":"https:\/\/icec.umag.cl\/index.php?rest_route=\/wp\/v2\/posts\/1176"}],"collection":[{"href":"https:\/\/icec.umag.cl\/index.php?rest_route=\/wp\/v2\/posts"}],"about":[{"href":"https:\/\/icec.umag.cl\/index.php?rest_route=\/wp\/v2\/types\/post"}],"author":[{"embeddable":true,"href":"https:\/\/icec.umag.cl\/index.php?rest_route=\/wp\/v2\/users\/1"}],"replies":[{"embeddable":true,"href":"https:\/\/icec.umag.cl\/index.php?rest_route=%2Fwp%2Fv2%2Fcomments&post=1176"}],"version-history":[{"count":1,"href":"https:\/\/icec.umag.cl\/index.php?rest_route=\/wp\/v2\/posts\/1176\/revisions"}],"predecessor-version":[{"id":1180,"href":"https:\/\/icec.umag.cl\/index.php?rest_route=\/wp\/v2\/posts\/1176\/revisions\/1180"}],"wp:featuredmedia":[{"embeddable":true,"href":"https:\/\/icec.umag.cl\/index.php?rest_route=\/wp\/v2\/media\/1177"}],"wp:attachment":[{"href":"https:\/\/icec.umag.cl\/index.php?rest_route=%2Fwp%2Fv2%2Fmedia&parent=1176"}],"wp:term":[{"taxonomy":"category","embeddable":true,"href":"https:\/\/icec.umag.cl\/index.php?rest_route=%2Fwp%2Fv2%2Fcategories&post=1176"},{"taxonomy":"post_tag","embeddable":true,"href":"https:\/\/icec.umag.cl\/index.php?rest_route=%2Fwp%2Fv2%2Ftags&post=1176"}],"curies":[{"name":"wp","href":"https:\/\/api.w.org\/{rel}","templated":true}]}}