{"id":1111,"date":"2019-10-01T01:14:53","date_gmt":"2019-10-01T01:14:53","guid":{"rendered":"http:\/\/icec.umag.cl\/?p=1111"},"modified":"2019-12-31T01:36:05","modified_gmt":"2019-12-31T01:36:05","slug":"alma-mater-2019-que-es-icec","status":"publish","type":"post","link":"https:\/\/icec.umag.cl\/?p=1111","title":{"rendered":"Alma M\u00e1ter 2019: \u00bfQu\u00e9 es ICEC?"},"content":{"rendered":"<div>\n<div id=\"attachment_1112\" style=\"width: 457px\" class=\"wp-caption aligncenter\"><a href=\"https:\/\/www.youtube.com\/watch?v=qJgjUr6XXic&amp;list=PLOIg0kU4w6PTrV_sUnGbPZh9KmaUnVe23&amp;index=3\"><img aria-describedby=\"caption-attachment-1112\" loading=\"lazy\" class=\"wp-image-1112 size-full\" src=\"http:\/\/icec.umag.cl\/wp-content\/uploads\/2019\/12\/Captura-de-pantalla-2019-12-30-a-las-10.23.10-p.m..png\" alt=\"\" width=\"447\" height=\"444\" srcset=\"https:\/\/icec.umag.cl\/wp-content\/uploads\/2019\/12\/Captura-de-pantalla-2019-12-30-a-las-10.23.10-p.m..png 447w, https:\/\/icec.umag.cl\/wp-content\/uploads\/2019\/12\/Captura-de-pantalla-2019-12-30-a-las-10.23.10-p.m.-150x150.png 150w, https:\/\/icec.umag.cl\/wp-content\/uploads\/2019\/12\/Captura-de-pantalla-2019-12-30-a-las-10.23.10-p.m.-300x298.png 300w\" sizes=\"(max-width: 447px) 100vw, 447px\" \/><\/a><p id=\"caption-attachment-1112\" class=\"wp-caption-text\">Conduce la periodista \u00c1ngela Molina Videla.<\/p><\/div>\n<\/div>\n<div><\/div>\n<p>A trav\u00e9s del Departamento de Educaci\u00f3n y Humanidades de la Universidad de Magallanes, el programa Indagaci\u00f3n Cient\u00edfica para la Educaci\u00f3n Ciencias ha podido trabajar y profundizar, durante el \u00faltimo a\u00f1o, con un grupo de profesores de establecimientos educacionales y jardines infantiles de Punta Arenas, la reflexi\u00f3n en torno a cu\u00e1les son las experiencias pedag\u00f3gicas que se quieren traspasar a los estudiantes para hacer de la ciencia una apuesta de aprendizaje en nuestro sistema educativo.\u00a0 Este 2019, recibimos a una nueva generaci\u00f3n de docentes, incluyendo a Puerto Natales, y su coordinador institucional, Leonardo Vel\u00e1squez, nos cuenta de ellos en este cap\u00edtulo de Alma M\u00e1ter por las pantallas de UMAG TV.<\/p>\n<p>&nbsp;<\/p>\n","protected":false},"excerpt":{"rendered":"<p>A trav\u00e9s del Departamento de Educaci\u00f3n y Humanidades de la Universidad de Magallanes, el programa Indagaci\u00f3n Cient\u00edfica para la Educaci\u00f3n Ciencias ha podido trabajar y profundizar, durante el \u00faltimo a\u00f1o, con un grupo de profesores de establecimientos educacionales y jardines infantiles de Punta Arenas, la reflexi\u00f3n en torno a cu\u00e1les son las experiencias pedag\u00f3gicas que&hellip; <br \/> <a class=\"read-more\" href=\"https:\/\/icec.umag.cl\/?p=1111\">Leer m\u00e1s<\/a><\/p>\n","protected":false},"author":1,"featured_media":1112,"comment_status":"open","ping_status":"open","sticky":false,"template":"","format":"standard","meta":[],"categories":[1],"tags":[],"_links":{"self":[{"href":"https:\/\/icec.umag.cl\/index.php?rest_route=\/wp\/v2\/posts\/1111"}],"collection":[{"href":"https:\/\/icec.umag.cl\/index.php?rest_route=\/wp\/v2\/posts"}],"about":[{"href":"https:\/\/icec.umag.cl\/index.php?rest_route=\/wp\/v2\/types\/post"}],"author":[{"embeddable":true,"href":"https:\/\/icec.umag.cl\/index.php?rest_route=\/wp\/v2\/users\/1"}],"replies":[{"embeddable":true,"href":"https:\/\/icec.umag.cl\/index.php?rest_route=%2Fwp%2Fv2%2Fcomments&post=1111"}],"version-history":[{"count":2,"href":"https:\/\/icec.umag.cl\/index.php?rest_route=\/wp\/v2\/posts\/1111\/revisions"}],"predecessor-version":[{"id":1121,"href":"https:\/\/icec.umag.cl\/index.php?rest_route=\/wp\/v2\/posts\/1111\/revisions\/1121"}],"wp:featuredmedia":[{"embeddable":true,"href":"https:\/\/icec.umag.cl\/index.php?rest_route=\/wp\/v2\/media\/1112"}],"wp:attachment":[{"href":"https:\/\/icec.umag.cl\/index.php?rest_route=%2Fwp%2Fv2%2Fmedia&parent=1111"}],"wp:term":[{"taxonomy":"category","embeddable":true,"href":"https:\/\/icec.umag.cl\/index.php?rest_route=%2Fwp%2Fv2%2Fcategories&post=1111"},{"taxonomy":"post_tag","embeddable":true,"href":"https:\/\/icec.umag.cl\/index.php?rest_route=%2Fwp%2Fv2%2Ftags&post=1111"}],"curies":[{"name":"wp","href":"https:\/\/api.w.org\/{rel}","templated":true}]}}