{"id":1083,"date":"2019-10-07T21:37:29","date_gmt":"2019-10-07T21:37:29","guid":{"rendered":"http:\/\/icec.umag.cl\/?p=1083"},"modified":"2019-10-08T19:28:36","modified_gmt":"2019-10-08T19:28:36","slug":"x-congreso-nacional-y-latinoamericano-de-educacion-en-ciencias-la-educacion-en-ciencias-y-el-cambio-climatico","status":"publish","type":"post","link":"https:\/\/icec.umag.cl\/?p=1083","title":{"rendered":"X Congreso Nacional y Latinoamericano de Educaci\u00f3n en Ciencias \u00abLa educaci\u00f3n en ciencias y el cambio clim\u00e1tico\u00bb"},"content":{"rendered":"<p><img loading=\"lazy\" class=\"aligncenter size-full wp-image-1084\" src=\"http:\/\/icec.umag.cl\/wp-content\/uploads\/2019\/10\/Afiche_Congreso.png\" alt=\"\" width=\"700\" height=\"693\" srcset=\"https:\/\/icec.umag.cl\/wp-content\/uploads\/2019\/10\/Afiche_Congreso.png 700w, https:\/\/icec.umag.cl\/wp-content\/uploads\/2019\/10\/Afiche_Congreso-150x150.png 150w, https:\/\/icec.umag.cl\/wp-content\/uploads\/2019\/10\/Afiche_Congreso-300x297.png 300w\" sizes=\"(max-width: 700px) 100vw, 700px\" \/><\/p>\n<p><span style=\"font-weight: 400;\">El cambio clim\u00e1tico, considerado incluso \u201ccrisis clim\u00e1tica\u201d, es uno de los temas que toma cada vez m\u00e1s fuerza entre la gente y los medios. Con \u00e9l, se nos presenta una gran decisi\u00f3n: <strong>qu\u00e9 forma le daremos al futuro<\/strong>. Hoy, los establecimientos educacionales son considerados los organismos m\u00e1s capacitados para promover cambios favorables en cuanto al medioambiente, ya que inciden en las generaciones m\u00e1s j\u00f3venes.<\/span><\/p>\n<p><span style=\"font-weight: 400;\">Bajo este contexto, el X Congreso Nacional y Latinoamericano de Educaci\u00f3n en Ciencias, que se llevar\u00e1 a cabo el 06, 07 y 08 de noviembre en Santiago de Chile, establece su tem\u00e1tica: \u201cLa educaci\u00f3n en ciencias y el cambio clim\u00e1tico\u201d.\u00a0<\/span><\/p>\n<p><span style=\"font-weight: 400;\">De esta manera, se extiende una invitaci\u00f3n a educadoras y docentes del Programa ICEC, estudiantes de pregrado, educadoras, profesores extranjeros a postular, ya sea exponiendo con un p\u00f3ster, presentando una ponencia para una audiencia de 250 personas, participando de una muestra did\u00e1ctica para compartir pr\u00e1cticas efectivas para educar, o postulando con talleres pr\u00e1cticos sobre el dise\u00f1o y aprendizaje de estrategias did\u00e1cticas orientadas al curr\u00edculo en ciencias.<\/span><\/p>\n<p><span style=\"font-weight: 400;\">Los trabajos se deben ver enmarcados en tem\u00e1ticas relacionadas a la indagaci\u00f3n cient\u00edfica, los problemas sociocient\u00edficos, la educaci\u00f3n ambiental y el cambio clim\u00e1tico, el docente de ciencias como investigador en el aula, entre otros.<\/span><\/p>\n<p>Las inscripciones son hasta el 11 de Octubre, \u00a1date prisa!<\/p>\n<p><span style=\"font-weight: 400;\">Para ver las bases sobre las postulaciones de p\u00f3sters, ponencias y muestras, visita el siguiente enlace: <a href=\"http:\/\/bit.ly\/BasesCongresoICEC\">bit.ly\/BasesCongresoICEC<\/a><\/span><\/p>\n<p><span style=\"font-weight: 400;\">Para leer las bases sobre la postulaci\u00f3n de los talleres, visita el siguiente enlace: <a href=\"http:\/\/bit.ly\/BasesTallerCongresoICEC\">bit.ly\/BasesTallerCongresoICEC<\/a><\/span><\/p>\n<p><span style=\"font-weight: 400;\">Para ver el formato de postulaci\u00f3n de talleres, visita el siguiente enlace: <a href=\"http:\/\/bit.ly\/PostulacionTallerCongresoICEC\">bit.ly\/PostulacionTallerCongresoICEC<\/a><\/span><\/p>\n","protected":false},"excerpt":{"rendered":"<p>El cambio clim\u00e1tico, considerado incluso \u201ccrisis clim\u00e1tica\u201d, es uno de los temas que toma cada vez m\u00e1s fuerza entre la gente y los medios. Con \u00e9l, se nos presenta una gran decisi\u00f3n: qu\u00e9 forma le daremos al futuro. Hoy, los establecimientos educacionales son considerados los organismos m\u00e1s capacitados para promover cambios favorables en cuanto al&hellip; <br \/> <a class=\"read-more\" href=\"https:\/\/icec.umag.cl\/?p=1083\">Leer m\u00e1s<\/a><\/p>\n","protected":false},"author":1,"featured_media":1084,"comment_status":"open","ping_status":"open","sticky":false,"template":"","format":"standard","meta":[],"categories":[1],"tags":[],"_links":{"self":[{"href":"https:\/\/icec.umag.cl\/index.php?rest_route=\/wp\/v2\/posts\/1083"}],"collection":[{"href":"https:\/\/icec.umag.cl\/index.php?rest_route=\/wp\/v2\/posts"}],"about":[{"href":"https:\/\/icec.umag.cl\/index.php?rest_route=\/wp\/v2\/types\/post"}],"author":[{"embeddable":true,"href":"https:\/\/icec.umag.cl\/index.php?rest_route=\/wp\/v2\/users\/1"}],"replies":[{"embeddable":true,"href":"https:\/\/icec.umag.cl\/index.php?rest_route=%2Fwp%2Fv2%2Fcomments&post=1083"}],"version-history":[{"count":3,"href":"https:\/\/icec.umag.cl\/index.php?rest_route=\/wp\/v2\/posts\/1083\/revisions"}],"predecessor-version":[{"id":1089,"href":"https:\/\/icec.umag.cl\/index.php?rest_route=\/wp\/v2\/posts\/1083\/revisions\/1089"}],"wp:featuredmedia":[{"embeddable":true,"href":"https:\/\/icec.umag.cl\/index.php?rest_route=\/wp\/v2\/media\/1084"}],"wp:attachment":[{"href":"https:\/\/icec.umag.cl\/index.php?rest_route=%2Fwp%2Fv2%2Fmedia&parent=1083"}],"wp:term":[{"taxonomy":"category","embeddable":true,"href":"https:\/\/icec.umag.cl\/index.php?rest_route=%2Fwp%2Fv2%2Fcategories&post=1083"},{"taxonomy":"post_tag","embeddable":true,"href":"https:\/\/icec.umag.cl\/index.php?rest_route=%2Fwp%2Fv2%2Ftags&post=1083"}],"curies":[{"name":"wp","href":"https:\/\/api.w.org\/{rel}","templated":true}]}}